{"id":2146,"date":"2009-12-22T08:26:50","date_gmt":"2009-12-22T07:26:50","guid":{"rendered":"http:\/\/www.bernhard-fiedler.at\/weblog\/?p=2146"},"modified":"2009-12-22T08:34:56","modified_gmt":"2009-12-22T07:34:56","slug":"on-tour","status":"publish","type":"post","link":"https:\/\/bernhard-fiedler.at\/weblog\/?p=2146","title":{"rendered":"On Tour"},"content":{"rendered":"<p><img loading=\"lazy\" decoding=\"async\" class=\"alignleft size-full wp-image-2148\" style=\"border: 0px;\" title=\"O\u00d61\" src=\"https:\/\/bernhard-fiedler.at\/weblog\/wp-content\/uploads\/2009\/12\/O\u00d61-bearbeitet.jpg\" alt=\"O\u00d61\" width=\"120\" height=\"109\" \/>Schon seit den 1960er-Jahren beliefern wir unsere Kunden in Ober\u00f6sterreich von Zeit zu Zeit auch direkt. Vergangenen Freitag war es wieder einmal soweit.<\/p>\n<p>Schon am\u00a0Donnerstag hatten wir unseren Lieferwagen in der Reihenfolge unserer Stationen beladen und alle Vorbereitungen getroffen.<\/p>\n<p>Trotzdem l\u00e4utete der Wecker am Freitag bereits um 3.15 Uhr, weil eine solche Tour bei einem sp\u00e4teren Aufbruch\u00a0kaum an einem Tag zu schaffen ist.<\/p>\n<p><!--more--><\/p>\n<p>Der erste Blick aus dem Fenster lie\u00df unangenehme Fahrverh\u00e4ltnisse bef\u00fcrchten. Es war eiskalt und hatte die ganze Nacht leicht geschneit.<\/p>\n<p style=\"text-align: center;\"><img decoding=\"async\" class=\"size-full wp-image-2149 aligncenter\" style=\"border-width: 0px;\" title=\"O\u00d62\" src=\"https:\/\/bernhard-fiedler.at\/weblog\/wp-content\/uploads\/2009\/12\/O\u00d62-bearbeitet.jpg\" alt=\"O\u00d62\" \/><\/p>\n<p>Zum Gl\u00fcck waren die Stra\u00dfen au\u00dferhalb des Ortsgebietes besser vom Schnee befreit. Weil aber die Scheibenwaschanlage unseres Lieferwagens eingefroren war, wurde es trotzdem eine etwas m\u00fchsame Fahrt. Die Gischt der anderen Verkehrsteilnehmer bef\u00f6rderte n\u00e4mlich nicht nur Schmelzwasser, sondern auch jede Menge darin gel\u00f6stes Streusalz auf unser Auto.<\/p>\n<p>Da ich um diese Uhrzeit nur sehr langsam wach werde, \u00fcbernimmt mein Vater immer die erste Schicht und ich d\u00f6se im Auto, bis die Wirkung seines Morgenkaffees nachl\u00e4\u00dft. Diesmal hielt er sogar die gut drei Stunden bis zu unserer ersten Station in St. Georgen am Attersee durch.<\/p>\n<p style=\"text-align: center;\"><img decoding=\"async\" class=\"aligncenter size-full wp-image-2150\" style=\"border: 0px;\" title=\"O\u00d63\" src=\"https:\/\/bernhard-fiedler.at\/weblog\/wp-content\/uploads\/2009\/12\/O\u00d63-bearbeitet.jpg\" alt=\"O\u00d63\" \/><\/p>\n<p>Als wir dort etwas nach 7.00 Uhr die Bestellung unserer langj\u00e4hrigen Erntehelfer ausluden, war es noch dunkel. Nach getaner Arbeit wurden wir mit einem Fr\u00fchst\u00fcck bewirtet. So gingen wir gest\u00e4rkt in den Tag, der mittlerweile angebrochen war.<\/p>\n<p style=\"text-align: center;\"><img decoding=\"async\" class=\"aligncenter size-full wp-image-2151\" style=\"border: 0px;\" title=\"O\u00d64\" src=\"https:\/\/bernhard-fiedler.at\/weblog\/wp-content\/uploads\/2009\/12\/O\u00d64-bearbeitet.jpg\" alt=\"O\u00d64\" \/><\/p>\n<p>Halbwegs ausgeschlafen \u00fcbernahm ich das Steuer und mein Vater k\u00fcmmerte sich als Beifahrer um die B\u00fcroarbeit: Rechnungen kontrollieren, Barzahlungen notieren, Kunden telefonisch die ungef\u00e4hre Lieferzeit durchgeben und navigieren.<\/p>\n<p><img loading=\"lazy\" decoding=\"async\" class=\"aligncenter size-full wp-image-2152\" style=\"border: 0px;\" title=\"O\u00d65\" src=\"https:\/\/bernhard-fiedler.at\/weblog\/wp-content\/uploads\/2009\/12\/O\u00d65-bearbeitet.jpg\" alt=\"O\u00d65\" width=\"508\" height=\"364\" \/><\/p>\n<p>Am sp\u00e4teren Vormittag kamen wir schlie\u00dflich zu einem unserer \u00e4ltesten Kunden, dem <a href=\"http:\/\/www.gasthof-weissl.at\">Gasthof Weissl<\/a> in Attnang-Puchheim. Dort liefert mittlerweile schon die dritte Generation Fiedler an die dritte Generation der Wirtsfamilie.<\/p>\n<p>Normalerweise starten wir unsere Tour in diesem Gasthaus, aber diesmal waren wir zu sp\u00e4t f\u00fcr ein Fr\u00fchst\u00fcck und zu fr\u00fch f\u00fcr ein Mittagessen.<\/p>\n<p style=\"text-align: center;\"><img decoding=\"async\" class=\"aligncenter size-full wp-image-2153\" style=\"border: 0px;\" title=\"O\u00d66\" src=\"https:\/\/bernhard-fiedler.at\/weblog\/wp-content\/uploads\/2009\/12\/O\u00d66-bearbeitet.jpg\" alt=\"O\u00d66 bearbeitet\" \/><\/p>\n<p>Weil unsere Scheibenwaschanlage trotz Sonnenschein und Motorw\u00e4rme noch immer nicht aufgetaut war, beschlossen wir gegen Mittag, das Problem endlich an der n\u00e4chsten Tankstelle zu l\u00f6sen.<\/p>\n<p>Als wir davon einem unserer Kunden erz\u00e4hlten, holte der einen F\u00f6n und Frostschutzkonzentrat aus seiner Garage, und w\u00e4hrend wir ausluden und Leerflaschen sortierten, taute er eigenh\u00e4ndig unsere Leitungen auf. Die Flasche Wein als Gegenleistung nahm er nur nach langem Zureden an.<\/p>\n<p><img loading=\"lazy\" decoding=\"async\" class=\"size-full wp-image-2154 alignleft\" style=\"border: 0px none;\" title=\"O\u00d67\" src=\"https:\/\/bernhard-fiedler.at\/weblog\/wp-content\/uploads\/2009\/12\/O\u00d67-bearbeitet.jpg\" alt=\"O\u00d67 bearbeitet\" width=\"120\" height=\"120\" \/><\/p>\n<p>Trotz des dichten Zeitplans und der weiten Strecken\u00a0ging sich nach\u00a0einem langen Vormittag gegen 14.oo Uhr ein schnelles Mittagessen in einer Raststation aus. Zu diesem Zeitpunkt waren wir der Heimat schon wieder ein kleines St\u00fcck n\u00e4her, hatten aber noch einige Kunden in Linz und Umgebung zu besuchen.<\/p>\n<p style=\"text-align: center;\"><img decoding=\"async\" class=\"aligncenter size-full wp-image-2155\" style=\"border: 0px;\" title=\"O\u00d68\" src=\"https:\/\/bernhard-fiedler.at\/weblog\/wp-content\/uploads\/2009\/12\/O\u00d68-bearbeitet.jpg\" alt=\"O\u00d68 bearbeitet\" \/><\/p>\n<p>Der hintere Teil unseres Lieferwagens war mittlerweile ziemlich leer, und vorne hielten sich Leergut und volle Flaschen etwa die Waage.<\/p>\n<p style=\"text-align: center;\"><img decoding=\"async\" class=\"aligncenter size-full wp-image-2156\" style=\"border: 0px;\" title=\"O\u00d69\" src=\"https:\/\/bernhard-fiedler.at\/weblog\/wp-content\/uploads\/2009\/12\/O\u00d69-bearbeitet.jpg\" alt=\"O\u00d69\" \/><\/p>\n<p>Bis zuletzt lagen wir gut in der Zeit, und so blieb uns um 17.00 Uhr nur noch ein Kunde am Rande von Linz. Mittlerweile war es bereits wieder dunkel und bitterkalt geworden.<\/p>\n<p style=\"text-align: center;\"><img decoding=\"async\" class=\"aligncenter size-full wp-image-2157\" style=\"border: 0px;\" title=\"O\u00d610\" src=\"https:\/\/bernhard-fiedler.at\/weblog\/wp-content\/uploads\/2009\/12\/O\u00d610-bearbeitet.jpg\" alt=\"O\u00d610\" \/><\/p>\n<p>Nach dem Ausladen des Weines gab mein Vater dem Hobbyg\u00e4rtner mit sechs eigenen Rebst\u00f6cken an einer B\u00f6schungsmauer Tipps zum Rebschnitt und legte auch gleich selbst Hand an.<\/p>\n<p style=\"text-align: center;\"><img decoding=\"async\" class=\"aligncenter size-full wp-image-2158\" style=\"border: 0px;\" title=\"O\u00d611\" src=\"https:\/\/bernhard-fiedler.at\/weblog\/wp-content\/uploads\/2009\/12\/O\u00d611-bearbeitet.jpg\" alt=\"O\u00d611\" \/><\/p>\n<p>Unterdessen versuchte ich (mehr oder weniger vergeblich) die auf der gegen\u00fcber liegenden Seite der Donau liegenden Linzer Stahlwerke bei Nacht zu fotografieren.<\/p>\n<p style=\"text-align: center;\"><img decoding=\"async\" class=\"aligncenter size-full wp-image-2147\" style=\"border: 0px;\" title=\"O\u00d612\" src=\"https:\/\/bernhard-fiedler.at\/weblog\/wp-content\/uploads\/2009\/12\/O\u00d612-bearbeitet.jpg\" alt=\"O\u00d612\" \/><\/p>\n<p>Gegen 17.45 traten wir schlie\u00dflich den Heimweg an. Nach einer problemlosen Fahrt mit einem kurzen Zwischenstopp trafen wir um 20.40 zu Hause ein.<\/p>\n","protected":false},"excerpt":{"rendered":"<p>Schon seit den 1960er-Jahren beliefern wir unsere Kunden in Ober\u00f6sterreich von Zeit zu Zeit auch direkt. Vergangenen Freitag war es wieder einmal soweit. Schon am\u00a0Donnerstag hatten wir unseren Lieferwagen in der Reihenfolge unserer Stationen beladen und alle Vorbereitungen getroffen. Trotzdem l\u00e4utete der Wecker am Freitag bereits um 3.15 Uhr, weil eine solche Tour bei einem &#8230; <a title=\"On Tour\" class=\"read-more\" href=\"https:\/\/bernhard-fiedler.at\/weblog\/?p=2146\" aria-label=\"Mehr Informationen \u00fcber On Tour\">Weiterlesen<\/a><\/p>\n","protected":false},"author":2,"featured_media":0,"comment_status":"open","ping_status":"open","sticky":false,"template":"","format":"standard","meta":{"footnotes":""},"categories":[7],"tags":[],"class_list":["post-2146","post","type-post","status-publish","format-standard","hentry","category-im-verkauf"],"_links":{"self":[{"href":"https:\/\/bernhard-fiedler.at\/weblog\/index.php?rest_route=\/wp\/v2\/posts\/2146","targetHints":{"allow":["GET"]}}],"collection":[{"href":"https:\/\/bernhard-fiedler.at\/weblog\/index.php?rest_route=\/wp\/v2\/posts"}],"about":[{"href":"https:\/\/bernhard-fiedler.at\/weblog\/index.php?rest_route=\/wp\/v2\/types\/post"}],"author":[{"embeddable":true,"href":"https:\/\/bernhard-fiedler.at\/weblog\/index.php?rest_route=\/wp\/v2\/users\/2"}],"replies":[{"embeddable":true,"href":"https:\/\/bernhard-fiedler.at\/weblog\/index.php?rest_route=%2Fwp%2Fv2%2Fcomments&post=2146"}],"version-history":[{"count":19,"href":"https:\/\/bernhard-fiedler.at\/weblog\/index.php?rest_route=\/wp\/v2\/posts\/2146\/revisions"}],"predecessor-version":[{"id":2177,"href":"https:\/\/bernhard-fiedler.at\/weblog\/index.php?rest_route=\/wp\/v2\/posts\/2146\/revisions\/2177"}],"wp:attachment":[{"href":"https:\/\/bernhard-fiedler.at\/weblog\/index.php?rest_route=%2Fwp%2Fv2%2Fmedia&parent=2146"}],"wp:term":[{"taxonomy":"category","embeddable":true,"href":"https:\/\/bernhard-fiedler.at\/weblog\/index.php?rest_route=%2Fwp%2Fv2%2Fcategories&post=2146"},{"taxonomy":"post_tag","embeddable":true,"href":"https:\/\/bernhard-fiedler.at\/weblog\/index.php?rest_route=%2Fwp%2Fv2%2Ftags&post=2146"}],"curies":[{"name":"wp","href":"https:\/\/api.w.org\/{rel}","templated":true}]}}