{"id":2064,"date":"2009-12-06T23:13:10","date_gmt":"2009-12-06T22:13:10","guid":{"rendered":"http:\/\/www.bernhard-fiedler.at\/weblog\/?p=2064"},"modified":"2009-12-06T23:13:10","modified_gmt":"2009-12-06T22:13:10","slug":"fertig-fur-den-winter","status":"publish","type":"post","link":"https:\/\/bernhard-fiedler.at\/weblog\/?p=2064","title":{"rendered":"Fertig f\u00fcr den Winter"},"content":{"rendered":"<p style=\"text-align: center;\"><img decoding=\"async\" class=\"aligncenter size-full wp-image-2065\" style=\"border: 0px;\" title=\"Fertig f\u00fcr den Winter\" src=\"https:\/\/bernhard-fiedler.at\/weblog\/wp-content\/uploads\/2009\/12\/Goldberg-Anackern-komprimiert.jpg\" alt=\"Fertig f\u00fcr den Winter\" \/><\/p>\n<p>Mit dem Anh\u00e4ufeln der jungen Rebst\u00f6cke endet die Arbeit im ersten Jahr unserer Junganlage am Goldberg. Dabei werden Reben und Boden entlang der Reihen von beiden Seiten mit einer Pflugschar mit Erde bedeckt.<\/p>\n<p>Das sch\u00fctzt nicht nur den untersten Teil der Pflanzen vor strengem Winterfrost, sondern ist auch bereits die erste Unkrautbek\u00e4mpfungsma\u00dfnahme f\u00fcr das Jahr 2010.<\/p>\n","protected":false},"excerpt":{"rendered":"<p>Mit dem Anh\u00e4ufeln der jungen Rebst\u00f6cke endet die Arbeit im ersten Jahr unserer Junganlage am Goldberg. Dabei werden Reben und Boden entlang der Reihen von beiden Seiten mit einer Pflugschar mit Erde bedeckt. Das sch\u00fctzt nicht nur den untersten Teil der Pflanzen vor strengem Winterfrost, sondern ist auch bereits die erste Unkrautbek\u00e4mpfungsma\u00dfnahme f\u00fcr das Jahr &#8230; <a title=\"Fertig f\u00fcr den Winter\" class=\"read-more\" href=\"https:\/\/bernhard-fiedler.at\/weblog\/?p=2064\" aria-label=\"Mehr Informationen \u00fcber Fertig f\u00fcr den Winter\">Weiterlesen<\/a><\/p>\n","protected":false},"author":2,"featured_media":0,"comment_status":"open","ping_status":"open","sticky":false,"template":"","format":"standard","meta":{"footnotes":""},"categories":[22],"tags":[],"class_list":["post-2064","post","type-post","status-publish","format-standard","hentry","category-ein-weingarten-entsteht"],"_links":{"self":[{"href":"https:\/\/bernhard-fiedler.at\/weblog\/index.php?rest_route=\/wp\/v2\/posts\/2064","targetHints":{"allow":["GET"]}}],"collection":[{"href":"https:\/\/bernhard-fiedler.at\/weblog\/index.php?rest_route=\/wp\/v2\/posts"}],"about":[{"href":"https:\/\/bernhard-fiedler.at\/weblog\/index.php?rest_route=\/wp\/v2\/types\/post"}],"author":[{"embeddable":true,"href":"https:\/\/bernhard-fiedler.at\/weblog\/index.php?rest_route=\/wp\/v2\/users\/2"}],"replies":[{"embeddable":true,"href":"https:\/\/bernhard-fiedler.at\/weblog\/index.php?rest_route=%2Fwp%2Fv2%2Fcomments&post=2064"}],"version-history":[{"count":4,"href":"https:\/\/bernhard-fiedler.at\/weblog\/index.php?rest_route=\/wp\/v2\/posts\/2064\/revisions"}],"predecessor-version":[{"id":2083,"href":"https:\/\/bernhard-fiedler.at\/weblog\/index.php?rest_route=\/wp\/v2\/posts\/2064\/revisions\/2083"}],"wp:attachment":[{"href":"https:\/\/bernhard-fiedler.at\/weblog\/index.php?rest_route=%2Fwp%2Fv2%2Fmedia&parent=2064"}],"wp:term":[{"taxonomy":"category","embeddable":true,"href":"https:\/\/bernhard-fiedler.at\/weblog\/index.php?rest_route=%2Fwp%2Fv2%2Fcategories&post=2064"},{"taxonomy":"post_tag","embeddable":true,"href":"https:\/\/bernhard-fiedler.at\/weblog\/index.php?rest_route=%2Fwp%2Fv2%2Ftags&post=2064"}],"curies":[{"name":"wp","href":"https:\/\/api.w.org\/{rel}","templated":true}]}}