{"id":2055,"date":"2009-12-02T23:55:33","date_gmt":"2009-12-02T22:55:33","guid":{"rendered":"http:\/\/www.bernhard-fiedler.at\/weblog\/?p=2055"},"modified":"2009-12-03T00:15:12","modified_gmt":"2009-12-02T23:15:12","slug":"weinkulturlandschaft-in-gefahr","status":"publish","type":"post","link":"https:\/\/bernhard-fiedler.at\/weblog\/?p=2055","title":{"rendered":"Weinkulturlandschaft in Gefahr"},"content":{"rendered":"<p style=\"text-align: center;\"><img loading=\"lazy\" decoding=\"async\" class=\"aligncenter size-full wp-image-2056\" style=\"border: 0px;\" title=\"Bildquelle: www.b50neu.de\" src=\"https:\/\/bernhard-fiedler.at\/weblog\/wp-content\/uploads\/2009\/12\/Moselbr\u00fccke.jpg\" alt=\"Moselbr\u00fccke\" width=\"508\" height=\"381\" \/><\/p>\n<p>\u00dcber einige Berichte in der deutschsprachigen Weinbloggerszene bin ich auf ein Stra\u00dfenbauprojekt in Deutschland gesto\u00dfen, das mich an <a href=\"https:\/\/bernhard-fiedler.at\/weblog\/?p=149\">meine eigenen unmittelbaren Erfahrungen mit \u00e4hnlichen, wenn auch deutlich kleineren Vorhaben<\/a> und an <a href=\"http:\/\/www.proregionneusiedlersee.at\/\">die geplante Verl\u00e4ngerung der nicht weit von uns entfernten S31<\/a> erinnert.<\/p>\n<p>Das Moseltal, eine der sch\u00f6nsten Weinlandschaften Europas, soll von einer monstr\u00f6sen Br\u00fccke f\u00fcr eine neue Schnellstra\u00dfe durchschnitten werden. Und obwohl es viele und gute Stimmen und Argumente gegen diese Pl\u00e4ne gibt (die man <a href=\"http:\/\/www.b50neu.de\/\">hier<\/a> nachlesen kann), wurde auch bereits mit den Bauarbeiten begonnen.<\/p>\n<p>Ich w\u00fcnsche den Kollegen an der Mosel viel Erfolg bei ihrem Widerstand gegen das Projekt. Hoffentlich ist ihr Einsatz f\u00fcr die Weinkulturlandschaft so von Erfolg gekr\u00f6nt, <a href=\"https:\/\/bernhard-fiedler.at\/weblog\/?p=432\">wie unserer es zum Gl\u00fcck letztlich war<\/a>.<\/p>\n","protected":false},"excerpt":{"rendered":"<p>\u00dcber einige Berichte in der deutschsprachigen Weinbloggerszene bin ich auf ein Stra\u00dfenbauprojekt in Deutschland gesto\u00dfen, das mich an meine eigenen unmittelbaren Erfahrungen mit \u00e4hnlichen, wenn auch deutlich kleineren Vorhaben und an die geplante Verl\u00e4ngerung der nicht weit von uns entfernten S31 erinnert. Das Moseltal, eine der sch\u00f6nsten Weinlandschaften Europas, soll von einer monstr\u00f6sen Br\u00fccke f\u00fcr &#8230; <a title=\"Weinkulturlandschaft in Gefahr\" class=\"read-more\" href=\"https:\/\/bernhard-fiedler.at\/weblog\/?p=2055\" aria-label=\"Mehr Informationen \u00fcber Weinkulturlandschaft in Gefahr\">Weiterlesen<\/a><\/p>\n","protected":false},"author":2,"featured_media":0,"comment_status":"open","ping_status":"open","sticky":false,"template":"","format":"standard","meta":{"footnotes":""},"categories":[5],"tags":[],"class_list":["post-2055","post","type-post","status-publish","format-standard","hentry","category-in-den-weinmedien"],"_links":{"self":[{"href":"https:\/\/bernhard-fiedler.at\/weblog\/index.php?rest_route=\/wp\/v2\/posts\/2055","targetHints":{"allow":["GET"]}}],"collection":[{"href":"https:\/\/bernhard-fiedler.at\/weblog\/index.php?rest_route=\/wp\/v2\/posts"}],"about":[{"href":"https:\/\/bernhard-fiedler.at\/weblog\/index.php?rest_route=\/wp\/v2\/types\/post"}],"author":[{"embeddable":true,"href":"https:\/\/bernhard-fiedler.at\/weblog\/index.php?rest_route=\/wp\/v2\/users\/2"}],"replies":[{"embeddable":true,"href":"https:\/\/bernhard-fiedler.at\/weblog\/index.php?rest_route=%2Fwp%2Fv2%2Fcomments&post=2055"}],"version-history":[{"count":5,"href":"https:\/\/bernhard-fiedler.at\/weblog\/index.php?rest_route=\/wp\/v2\/posts\/2055\/revisions"}],"predecessor-version":[{"id":2060,"href":"https:\/\/bernhard-fiedler.at\/weblog\/index.php?rest_route=\/wp\/v2\/posts\/2055\/revisions\/2060"}],"wp:attachment":[{"href":"https:\/\/bernhard-fiedler.at\/weblog\/index.php?rest_route=%2Fwp%2Fv2%2Fmedia&parent=2055"}],"wp:term":[{"taxonomy":"category","embeddable":true,"href":"https:\/\/bernhard-fiedler.at\/weblog\/index.php?rest_route=%2Fwp%2Fv2%2Fcategories&post=2055"},{"taxonomy":"post_tag","embeddable":true,"href":"https:\/\/bernhard-fiedler.at\/weblog\/index.php?rest_route=%2Fwp%2Fv2%2Ftags&post=2055"}],"curies":[{"name":"wp","href":"https:\/\/api.w.org\/{rel}","templated":true}]}}