{"id":2032,"date":"2009-11-26T22:57:21","date_gmt":"2009-11-26T21:57:21","guid":{"rendered":"http:\/\/www.bernhard-fiedler.at\/weblog\/?p=2032"},"modified":"2009-11-26T23:03:43","modified_gmt":"2009-11-26T22:03:43","slug":"luckenschlus","status":"publish","type":"post","link":"https:\/\/bernhard-fiedler.at\/weblog\/?p=2032","title":{"rendered":"L\u00fcckenschlu\u00df"},"content":{"rendered":"<p>Die im ungarischen Teil der Doppelmonarchie praktizierte Erbteilung und das starke Bev\u00f6lkerungswachstum in M\u00f6rbisch Ende des 19. und Anfang des 20. Jahrhunderts haben zu sehr zersplitterten Besitzverh\u00e4ltnissen in unseren Rieden gef\u00fchrt.<\/p>\n<p>\u00dcber Generationen hat n\u00e4mlich im Gegensatz zu anderen Regionen nicht nur der \u00e4lteste Sohn den Grundbesitz geerbt, sondern alle Geschwister. Und damit auch wirklich fair geteilt wurde, erhielt jedes Kind einen gleich gro\u00dfen Teil von jedem Grundst\u00fcck.<\/p>\n<p>Als meine Eltern die Weing\u00e4rten von ihren Eltern \u00fcbernommen haben, waren es am Ende dieser Entwicklung rund 60 Parzellen, was bei knapp 10 Hektar Gesamtfl\u00e4che im Durchschnitt nur etwa 1600 m2 pro Weingarten entspricht.<\/p>\n<p>F\u00fcr M\u00f6rbischer Verh\u00e4ltnisse war das sogar noch\u00a0relativ viel, weil es vor allem unter den Vorfahren meiner Mutter durch eine Ansammlung von (f\u00fcr sich allein in dieser Zeit nicht seltenen) tragischen Ereignissen in mehreren Generationen nur eine Erbin gab.<\/p>\n<p>Seit mittlerweile fast 40 Jahren bem\u00fcht sich mein Vater, die Struktur unserer Rebfl\u00e4chen zu verbessern weil die Kleinheit der Parzellen ihre Bewirtschaftung ziemlich erschwert. Dabei war nicht jeder Versuch erfolgreich, aber immerhin verteilen sich unsere 10 Hektar heute nur noch auf knapp 30 Weing\u00e4rten und der Anteil der besten Lagen ist wesentlich gestiegen.<\/p>\n<p>Der Gro\u00dfteil dieser Umstrukturierung erfolgte kapitalsparend in Form von Tauschgesch\u00e4ften. Um aber auf diesem Weg eine Nachbarparzelle erwerben zu k\u00f6nnen, mu\u00dfte mein Vater deren Besitzer nat\u00fcrlich auch einen Vorteil bieten. Also z.B. ein gr\u00f6\u00dferes Grundst\u00fcck, einen wertvolleren Rebbestand, eine bessere Lage oder \u00fcber Zwischengesch\u00e4fte ein Parzelle neben seiner eigenen.<\/p>\n<p>Wie fast jedes Jahr ist ihm in den letzten Tagen auch heuer wieder eine derartige Transaktion gegl\u00fcckt. Beim aktuellen Grundst\u00fcckstausch handelt es sich sogar um einen regelrechten L\u00fcckenschlu\u00df.<\/p>\n<p><!--more--><\/p>\n<p><img decoding=\"async\" class=\"aligncenter size-full wp-image-2034\" style=\"border: 0px;\" title=\"Bildquelle: GIS Burgenland\" src=\"https:\/\/bernhard-fiedler.at\/weblog\/wp-content\/uploads\/2009\/11\/Katasterplan-Wieser.jpg\" alt=\"Bildquelle: GIS Burgenland\" \/><\/p>\n<p>Schon meine Gro\u00dfeltern bewirtschafteten zwei Grundst\u00fccke in der Riede Wieser (Nr. 3374 und 3377), die nur durch zwei kleine Parzellen mit jeweils rund 800 m2 und verschiedenen Besitzern voneinander getrennt wurden.<\/p>\n<p>Vor einigen Jahren konnten wir eines der beiden erwerben, weil der Besitzer unter dem Aspekt der Strukturbereinigung f\u00fcr seinen Betrieb bereit war, es zu verkaufen und daf\u00fcr an anderer Stelle in eine Nachbarparzelle zu investieren.<\/p>\n<p>Der Besitzer der noch fehlenden Nr. 3376 wollte sein gerodetes Weingartengrundst\u00fcck hingegen nicht verkaufen. Vor einigen Tagen fanden wir stattdessen aber eine f\u00fcr beide Seiten annehmbare Tauschl\u00f6sung.<\/p>\n<p>Damit ist aus urspr\u00fcnglich 2500m2 da und 800 m2 dort eine zusammenh\u00e4ngende Fl\u00e4che von einem halben Hektar geworden, die in unserer internen Grundst\u00fccksgr\u00f6\u00dfenstatistik auf den vorderen Pl\u00e4tzen liegt.<\/p>\n","protected":false},"excerpt":{"rendered":"<p>Die im ungarischen Teil der Doppelmonarchie praktizierte Erbteilung und das starke Bev\u00f6lkerungswachstum in M\u00f6rbisch Ende des 19. und Anfang des 20. Jahrhunderts haben zu sehr zersplitterten Besitzverh\u00e4ltnissen in unseren Rieden gef\u00fchrt. \u00dcber Generationen hat n\u00e4mlich im Gegensatz zu anderen Regionen nicht nur der \u00e4lteste Sohn den Grundbesitz geerbt, sondern alle Geschwister. Und damit auch wirklich &#8230; <a title=\"L\u00fcckenschlu\u00df\" class=\"read-more\" href=\"https:\/\/bernhard-fiedler.at\/weblog\/?p=2032\" aria-label=\"Mehr Informationen \u00fcber L\u00fcckenschlu\u00df\">Weiterlesen<\/a><\/p>\n","protected":false},"author":2,"featured_media":0,"comment_status":"open","ping_status":"open","sticky":false,"template":"","format":"standard","meta":{"footnotes":""},"categories":[9],"tags":[],"class_list":["post-2032","post","type-post","status-publish","format-standard","hentry","category-sonstige-weinberichte"],"_links":{"self":[{"href":"https:\/\/bernhard-fiedler.at\/weblog\/index.php?rest_route=\/wp\/v2\/posts\/2032","targetHints":{"allow":["GET"]}}],"collection":[{"href":"https:\/\/bernhard-fiedler.at\/weblog\/index.php?rest_route=\/wp\/v2\/posts"}],"about":[{"href":"https:\/\/bernhard-fiedler.at\/weblog\/index.php?rest_route=\/wp\/v2\/types\/post"}],"author":[{"embeddable":true,"href":"https:\/\/bernhard-fiedler.at\/weblog\/index.php?rest_route=\/wp\/v2\/users\/2"}],"replies":[{"embeddable":true,"href":"https:\/\/bernhard-fiedler.at\/weblog\/index.php?rest_route=%2Fwp%2Fv2%2Fcomments&post=2032"}],"version-history":[{"count":9,"href":"https:\/\/bernhard-fiedler.at\/weblog\/index.php?rest_route=\/wp\/v2\/posts\/2032\/revisions"}],"predecessor-version":[{"id":2040,"href":"https:\/\/bernhard-fiedler.at\/weblog\/index.php?rest_route=\/wp\/v2\/posts\/2032\/revisions\/2040"}],"wp:attachment":[{"href":"https:\/\/bernhard-fiedler.at\/weblog\/index.php?rest_route=%2Fwp%2Fv2%2Fmedia&parent=2032"}],"wp:term":[{"taxonomy":"category","embeddable":true,"href":"https:\/\/bernhard-fiedler.at\/weblog\/index.php?rest_route=%2Fwp%2Fv2%2Fcategories&post=2032"},{"taxonomy":"post_tag","embeddable":true,"href":"https:\/\/bernhard-fiedler.at\/weblog\/index.php?rest_route=%2Fwp%2Fv2%2Ftags&post=2032"}],"curies":[{"name":"wp","href":"https:\/\/api.w.org\/{rel}","templated":true}]}}