{"id":182,"date":"2007-03-04T21:40:54","date_gmt":"2007-03-04T20:40:54","guid":{"rendered":"http:\/\/www.bernhard-fiedler.at\/weblog\/?p=182"},"modified":"2007-03-04T22:03:36","modified_gmt":"2007-03-04T21:03:36","slug":"krotenwanderung","status":"publish","type":"post","link":"https:\/\/bernhard-fiedler.at\/weblog\/?p=182","title":{"rendered":"Kr\u00f6tenwanderung"},"content":{"rendered":"<p>Das fr\u00fchlingshafte Februarwetter ruft nicht nur die Pflanzen, sondern auch die Tierwelt deutlich fr\u00fcher als sonst auf den Plan. So hat bereits vor einigen Tagen die Kr\u00f6tenwanderung von unseren Hanglagen zum Neusiedlersee eingesetzt. Jahr f\u00fcr Jahr wandern im Bereich zwischen M\u00f6rbisch und Rust einige Tausend Kr\u00f6ten und Fr\u00f6sche verschiedener Arten zu ihren Laichpl\u00e4tzen im Schilfg\u00fcrtel des Neusiedlersees.<\/p>\n<p>Da auch einige vom Aussterben bedrohte Amphibienarten dabei sind, werden sie mit der K\u00fcbelmethode sicher \u00fcber die Bundesstra\u00dfe gebracht. Dazu wird w\u00e4hrend der mehrw\u00f6chigen Wanderzeit ein kilometerlanger mobiler Zaun errichtet, der verhindert, da\u00df die Kr\u00f6ten auf die Fahrbahn gelangen.<\/p>\n<p><a href='https:\/\/bernhard-fiedler.at\/weblog\/wp-content\/uploads\/2007\/03\/bild015.jpg' title='Kr\u00f6tenschutzzaun'><img src='https:\/\/bernhard-fiedler.at\/weblog\/wp-content\/uploads\/2007\/03\/bild015.jpg' alt='Kr\u00f6tenschutzzaun' \/><\/a><!--more--><\/p>\n<p>Entlang dieses Zaunes sind in regelm\u00e4\u00dfigen Abst\u00e4nden K\u00fcbel eingegraben, in die die Kr\u00f6ten fr\u00fcher oder sp\u00e4ter bei ihrer Suche nach einem Ausgang hineinfallen.<\/p>\n<p><a href='https:\/\/bernhard-fiedler.at\/weblog\/wp-content\/uploads\/2007\/03\/bild014.jpg' title='Kr\u00f6tenk\u00fcbel'><img src='https:\/\/bernhard-fiedler.at\/weblog\/wp-content\/uploads\/2007\/03\/bild014.jpg' alt='Kr\u00f6tenk\u00fcbel' \/><\/a><\/p>\n<p>Einmal t\u00e4glich werden die K\u00fcbel von Naturschutzorganen \u00fcber die Stra\u00dfe getragen und dort entleert. Dabei werden die Amphibien nach Arten unterschieden und gez\u00e4hlt. Gelegentlich ist aber auch ein Storch schneller und holt sich ein \u00fcppiges und appetitlich angerichtetes Fr\u00fchst\u00fcck aus den K\u00fcbeln.<\/p>\n<p><a href='https:\/\/bernhard-fiedler.at\/weblog\/wp-content\/uploads\/2007\/03\/bild016.jpg' title='Ein Vorbote der Amphibienwanderung'><img src='https:\/\/bernhard-fiedler.at\/weblog\/wp-content\/uploads\/2007\/03\/bild016.jpg' alt='Ein Vorbote der Amphibienwanderung' \/><\/a><\/p>\n<p>Der Schutzzaun ist leicht abbaubar und kann bei Bedarf mit Traktoren \u00fcberfahren werden. Ein echte Behinderung f\u00fcr die Bewirtschaftung unserer Weing\u00e4rten ist er also nicht. Zumal sich die notwendigen Traktorarbeiten um diese Jahreszeit in Grenzen halten. Das Zerkleinern des Rebholzes, das beim Rebschnitt auf dem Boden zwischen den Zeilen abgelegt wird kann auch nach dem Ende der Wanderung erfolgen.<\/p>\n<p>Die Tatsache, da\u00df es trotz intensiver weinbaulicher Nutzung eine derartige Anzahl und Vielfalt von seltenen Tierarten bei uns gibt, stellt uns Winzern eigentlich ein durchaus positives Zeugnis aus. Und das sollte uns doch ein klein wenig M\u00fche wert sein.<\/p>\n","protected":false},"excerpt":{"rendered":"<p>Das fr\u00fchlingshafte Februarwetter ruft nicht nur die Pflanzen, sondern auch die Tierwelt deutlich fr\u00fcher als sonst auf den Plan. So hat bereits vor einigen Tagen die Kr\u00f6tenwanderung von unseren Hanglagen zum Neusiedlersee eingesetzt. Jahr f\u00fcr Jahr wandern im Bereich zwischen M\u00f6rbisch und Rust einige Tausend Kr\u00f6ten und Fr\u00f6sche verschiedener Arten zu ihren Laichpl\u00e4tzen im Schilfg\u00fcrtel &#8230; <a title=\"Kr\u00f6tenwanderung\" class=\"read-more\" href=\"https:\/\/bernhard-fiedler.at\/weblog\/?p=182\" aria-label=\"Mehr Informationen \u00fcber Kr\u00f6tenwanderung\">Weiterlesen<\/a><\/p>\n","protected":false},"author":2,"featured_media":0,"comment_status":"open","ping_status":"open","sticky":false,"template":"","format":"standard","meta":{"footnotes":""},"categories":[3],"tags":[],"class_list":["post-182","post","type-post","status-publish","format-standard","hentry","category-im-weingarten"],"_links":{"self":[{"href":"https:\/\/bernhard-fiedler.at\/weblog\/index.php?rest_route=\/wp\/v2\/posts\/182","targetHints":{"allow":["GET"]}}],"collection":[{"href":"https:\/\/bernhard-fiedler.at\/weblog\/index.php?rest_route=\/wp\/v2\/posts"}],"about":[{"href":"https:\/\/bernhard-fiedler.at\/weblog\/index.php?rest_route=\/wp\/v2\/types\/post"}],"author":[{"embeddable":true,"href":"https:\/\/bernhard-fiedler.at\/weblog\/index.php?rest_route=\/wp\/v2\/users\/2"}],"replies":[{"embeddable":true,"href":"https:\/\/bernhard-fiedler.at\/weblog\/index.php?rest_route=%2Fwp%2Fv2%2Fcomments&post=182"}],"version-history":[{"count":0,"href":"https:\/\/bernhard-fiedler.at\/weblog\/index.php?rest_route=\/wp\/v2\/posts\/182\/revisions"}],"wp:attachment":[{"href":"https:\/\/bernhard-fiedler.at\/weblog\/index.php?rest_route=%2Fwp%2Fv2%2Fmedia&parent=182"}],"wp:term":[{"taxonomy":"category","embeddable":true,"href":"https:\/\/bernhard-fiedler.at\/weblog\/index.php?rest_route=%2Fwp%2Fv2%2Fcategories&post=182"},{"taxonomy":"post_tag","embeddable":true,"href":"https:\/\/bernhard-fiedler.at\/weblog\/index.php?rest_route=%2Fwp%2Fv2%2Ftags&post=182"}],"curies":[{"name":"wp","href":"https:\/\/api.w.org\/{rel}","templated":true}]}}