{"id":1625,"date":"2009-08-05T23:51:06","date_gmt":"2009-08-05T21:51:06","guid":{"rendered":"http:\/\/www.bernhard-fiedler.at\/weblog\/?p=1625"},"modified":"2009-08-05T23:54:29","modified_gmt":"2009-08-05T21:54:29","slug":"vorrang-fur-den-winzerkonig","status":"publish","type":"post","link":"https:\/\/bernhard-fiedler.at\/weblog\/?p=1625","title":{"rendered":"Vorrang f\u00fcr den Winzerk\u00f6nig"},"content":{"rendered":"<p>Seit Ende April wird in und um Rust die dritte Staffel der ORF\/ZDF-Fernsehserie &#8222;<a href=\"http:\/\/www.daserste.de\/derwinzerkoenig\/\">Der Winzerk\u00f6nig<\/a>&#8220; mit Harald Krassnitzer in der Hauptrolle gedreht.<\/p>\n<p>Und weil wir direkt an der Gemeindegrenze zu Rust einen Weingarten\u00a0in der\u00a0N\u00e4he eines h\u00e4ufig genutzten\u00a0Drehortes besitzen, war ich heuer auch schon zweimal fast live dabei.<\/p>\n<p>Wie schon vor einigen Wochen habe ich aber auch heute beim maschinellen Laubschnitt nach kurzer Absprache mit dem Filmteam einen anderen, weiter entfernt liegenden Weingarten vorgezogen, um die Dreharbeiten nicht zu st\u00f6ren.<\/p>\n<p>Meine Lieblingssendung ist &#8222;Der Winzerk\u00f6nig&#8220; zwar nicht, aber immerhin bringt er einigen Millionen Zusehern in Deutschland und \u00d6sterreich nebenbei auch unsere Region (gar nicht so schlecht) n\u00e4her. Ein Werbewert, der nicht zu untersch\u00e4tzen ist&#8230;<\/p>\n","protected":false},"excerpt":{"rendered":"<p>Seit Ende April wird in und um Rust die dritte Staffel der ORF\/ZDF-Fernsehserie &#8222;Der Winzerk\u00f6nig&#8220; mit Harald Krassnitzer in der Hauptrolle gedreht. Und weil wir direkt an der Gemeindegrenze zu Rust einen Weingarten\u00a0in der\u00a0N\u00e4he eines h\u00e4ufig genutzten\u00a0Drehortes besitzen, war ich heuer auch schon zweimal fast live dabei. Wie schon vor einigen Wochen habe ich aber &#8230; <a title=\"Vorrang f\u00fcr den Winzerk\u00f6nig\" class=\"read-more\" href=\"https:\/\/bernhard-fiedler.at\/weblog\/?p=1625\" aria-label=\"Mehr Informationen \u00fcber Vorrang f\u00fcr den Winzerk\u00f6nig\">Weiterlesen<\/a><\/p>\n","protected":false},"author":2,"featured_media":0,"comment_status":"open","ping_status":"open","sticky":false,"template":"","format":"standard","meta":{"footnotes":""},"categories":[3],"tags":[],"class_list":["post-1625","post","type-post","status-publish","format-standard","hentry","category-im-weingarten"],"_links":{"self":[{"href":"https:\/\/bernhard-fiedler.at\/weblog\/index.php?rest_route=\/wp\/v2\/posts\/1625","targetHints":{"allow":["GET"]}}],"collection":[{"href":"https:\/\/bernhard-fiedler.at\/weblog\/index.php?rest_route=\/wp\/v2\/posts"}],"about":[{"href":"https:\/\/bernhard-fiedler.at\/weblog\/index.php?rest_route=\/wp\/v2\/types\/post"}],"author":[{"embeddable":true,"href":"https:\/\/bernhard-fiedler.at\/weblog\/index.php?rest_route=\/wp\/v2\/users\/2"}],"replies":[{"embeddable":true,"href":"https:\/\/bernhard-fiedler.at\/weblog\/index.php?rest_route=%2Fwp%2Fv2%2Fcomments&post=1625"}],"version-history":[{"count":3,"href":"https:\/\/bernhard-fiedler.at\/weblog\/index.php?rest_route=\/wp\/v2\/posts\/1625\/revisions"}],"predecessor-version":[{"id":1628,"href":"https:\/\/bernhard-fiedler.at\/weblog\/index.php?rest_route=\/wp\/v2\/posts\/1625\/revisions\/1628"}],"wp:attachment":[{"href":"https:\/\/bernhard-fiedler.at\/weblog\/index.php?rest_route=%2Fwp%2Fv2%2Fmedia&parent=1625"}],"wp:term":[{"taxonomy":"category","embeddable":true,"href":"https:\/\/bernhard-fiedler.at\/weblog\/index.php?rest_route=%2Fwp%2Fv2%2Fcategories&post=1625"},{"taxonomy":"post_tag","embeddable":true,"href":"https:\/\/bernhard-fiedler.at\/weblog\/index.php?rest_route=%2Fwp%2Fv2%2Ftags&post=1625"}],"curies":[{"name":"wp","href":"https:\/\/api.w.org\/{rel}","templated":true}]}}