{"id":1576,"date":"2009-07-23T00:07:46","date_gmt":"2009-07-22T22:07:46","guid":{"rendered":"http:\/\/www.bernhard-fiedler.at\/weblog\/?p=1576"},"modified":"2009-07-23T00:21:31","modified_gmt":"2009-07-22T22:21:31","slug":"serienkriminalitat-mit-weinbezug","status":"publish","type":"post","link":"https:\/\/bernhard-fiedler.at\/weblog\/?p=1576","title":{"rendered":"Serienkriminalit\u00e4t mit Weinbezug"},"content":{"rendered":"<p><img loading=\"lazy\" decoding=\"async\" class=\"alignleft size-thumbnail wp-image-286\" title=\"Weinrallye\" src=\"https:\/\/bernhard-fiedler.at\/weblog\/wp-content\/uploads\/2007\/07\/weinrallye-logo-gros-mit-text.thumbnail.jpg\" alt=\"Weinrallye\" width=\"128\" height=\"64\" \/>Heute findet die 25. Etappe\u00a0der <a href=\"http:\/\/winzerblog.de\/weinrallye\/\"><span style=\"color: #b34700;\">Wein(blog)rallye<\/span><\/a> statt. Im Rahmen dieser Rallye besch\u00e4ftigen sich alle deutschsprachigen <a href=\"http:\/\/www.genussblogs.net\/\"><span style=\"color: #b34700;\">Genussblogs<\/span><\/a> die Lust dazu haben mit dem <a href=\"http:\/\/bildergeschichten.1on.de\/archives\/391-Weinrallye-25-Wein-in-Literatur-und-Film.html\">Thema<\/a>, das sich Harald Steffens vom deutschen <a href=\"http:\/\/bildergeschichten.1on.de\/\">Weingut Steffens-Ke\u00df<\/a> hat einfallen lassen:<\/p>\n<p style=\"text-align: center;\"><strong>Wein in Literatur und Film<\/strong><\/p>\n<p>So froh ich im richtigen Leben bin, sehr wenig mit Kriminalit\u00e4t zu tun zu haben, so sehr sch\u00e4tze ich das Verbrechen wenn es sich zwischen zwei Buchdeckeln abspielt. Kriminalromane bieten n\u00e4mlich nicht nur Spannung, sondern auch &#8211; wenn sie gut sind &#8211; besonders liebevoll und detailiert gezeichnete Figuren.<\/p>\n<p>Tritt der Protagonist dann auch noch in mehreren B\u00fcchern auf, erscheint er mit der Zeit \u00e4hnlich vertraut wie ein guter Bekannter. Und wie im richtigen Leben haben die verschiedenen Charaktere einen ganz unterschiedlichen Bezug zum Thema Wein.<\/p>\n<p>F\u00fcr <a href=\"http:\/\/www.wallander-web.de\/\">Kurt Wallander<\/a> zum Beispiel ist der Wein offenbar nicht besonders wichtig, sonst w\u00e4re er in den Krimis von <a href=\"http:\/\/www.wallander-web.de\/\">Henning Mankell<\/a> wohl \u00f6fter erw\u00e4hnt. Auch gute Ern\u00e4hrung ist dem schwedischen Kleinstadt-Kommissar, der st\u00e4ndig mit Gewichtsproblemen\u00a0k\u00e4mpft kein Anliegen.<\/p>\n<p>Ob das typisch skandinavisch ist, kann ich nicht sagen, es f\u00e4llt aber auf, dass Wein und Essen bei s\u00fcdl\u00e4ndischeren Polizisten eine deutlich gr\u00f6\u00dfere Rolle spielen. <a href=\"http:\/\/members.a1.net\/mt_robson5\/montalbano\/index.htm\">Salvo Montalbano<\/a> aus Vigata in Sizilien zum Beispiel h\u00e4lt sehr viel auf gutes Essen, vor allem wenn es sich um regionale (Meeres-)Spezialit\u00e4ten und gro\u00dfe Portionen handelt. <!--more--><\/p>\n<p>Um die Gerichte mit allen Sinnen genie\u00dfen zu k\u00f6nnen, hat er sich angew\u00f6hnt, beim Essen kein Wort zu sprechen. Selbstverst\u00e4ndlich trinkt er Wein, aber au\u00dfer einem gelegentlichen Hinweis darauf, dass es sich um einen Tropfen handelt, den Montalbanos Vater produziert hat, verr\u00e4t uns <a href=\"http:\/\/members.a1.net\/mt_robson5\/montalbano\/andreacamilleri.htm\">Andrea Camilleri<\/a> nichts \u00fcber den Weingeschmack des Sizilianers.<\/p>\n<p>Commissario <a href=\"http:\/\/www.referate10.com\/referate\/Literatur\/17\/VENEZIANISCHES-FINALE---Donna-Leon-reon.php\">Guido Brunetti<\/a>, Montalbanos Landsmann aus Venedig, i\u00dft und trinkt ebenfalls gern. Er kommt gerne zum Mittagessen nach Hause und l\u00e4\u00dft sich von seiner Frau Paola bekochen. Zum Essen gibt es Merlot aus dem Veneto und andere norditalienische Spezialit\u00e4ten. Hin und wieder genehmigt er sich auch ein Glas Prosecco, und nach dem Essen vorzugsweise einen Grappa.<\/p>\n<p>Noch \u00f6fter als Wein l\u00e4\u00dft ihn <a href=\"http:\/\/de.wikipedia.org\/wiki\/Donna_Leon\">Donna Leon<\/a> aber Espresso trinken. Brunetti kehrt zu jeder Tageszeit und bei fast jedem Fu\u00dfmarsch durch die Stadt irgendwo ein, wo nicht ganz so viele Touristen verkehren. Beim Kaffee spricht er dann mit seinem Kollegen und Freund Vianello \u00fcber den aktuellen Fall, manchmal aber auch \u00fcber Gott und die Welt und wie schlimm die Lage in Italien im allgemeinen und in Venedig im besonderen ist.<\/p>\n<p><a href=\"http:\/\/www.krimi-couch.de\/krimis\/alfred-komarek-polt-muss-weinen.html\">Simon Polt<\/a> ist kein Kriminalpolizist, sondern ein Landgendarm im Weinviertel. Und obwohl er nicht wirklich in die Dorfgemeinschaft integriert ist, hat er einen engen Bezug zum Wein. Seine Freude am Gr\u00fcnen Veltliner l\u00e4\u00dft er sich auch durch eine Leiche in der Baumpresse und einen mittels G\u00e4rgas ermordeten Weinbauern nicht nehmen.<\/p>\n<p>Auch wenn sich der Weinbau im Weinviertel in den letzten Jahren sehr ver\u00e4ndert hat, l\u00e4\u00dft sich das\u00a0Weinviertel, das <a href=\"http:\/\/de.wikipedia.org\/wiki\/Alfred_Komarek\">Alfred Komarek<\/a> beschreibt da und dort noch erahnen. Eine Kellergassenwelt, in der die Zeit langsamer zu verrinnen scheint, als anderswo&#8230;<\/p>\n<p>Auch <a href=\"http:\/\/www.evarossmann.at\/kriminalromane\/\">Mira Valensky<\/a> verschl\u00e4gt es manchmal ins Weinviertel. Sei es, weil sie als Journalistin den Mord an einem Winzer aufkl\u00e4ren will, weil sie in einem feinen Landgasthof K\u00fcchenhilfe und Detektiv spielt, oder weil sie einfach Weinnachschub ben\u00f6tigt.<\/p>\n<p>Ihre Welt ist aber Wien, wo sie in ihrer Wohnung gut und gerne kocht. Nicht selten kommen dabei Gerichte aus dem Veneto auf den Tisch, ihrer zweiten Lieblingsregion, auch was den Wein betrifft.<\/p>\n<p>Wenn sie besonders guter Laune ist, oder besonders schlechter, kocht Valensky auch schon mal ein mehrg\u00e4ngiges Men\u00fc nur f\u00fcr sich allein. Meist leisten ihr aber Lebenspartner (und sp\u00e4ter Ehemann) Oskar oder Putzfrau, Freundin und Kriminal-Komplizin Vesna Krajner Gesellschaft. Katze Gismo wird dabei entweder mit H\u00fchnerkr\u00e4gen oder schwarzen Oliven ruhig gestellt.<\/p>\n<p>Das Mira Valensky gerne kocht, merkt\u00a0man an der detailreichen Beschreibung der Gerichte und der Zubereitung, die <a href=\"http:\/\/www.evarossmann.at\/biographie\/\">Eva Rossmann<\/a> offenbar ein besonderes Anliegen sind. F\u00fcr alle, die es noch genauer wissen wollen, gibt es mittlerweile sogar ein Mira-Valensky-Kochbuch.<\/p>\n<p>Vielleicht folgt ja bald auch der Band &#8222;Die Lieblingsweine von Mira Valensky&#8220;. Wer wei\u00df&#8230;<\/p>\n","protected":false},"excerpt":{"rendered":"<p>Heute findet die 25. Etappe\u00a0der Wein(blog)rallye statt. Im Rahmen dieser Rallye besch\u00e4ftigen sich alle deutschsprachigen Genussblogs die Lust dazu haben mit dem Thema, das sich Harald Steffens vom deutschen Weingut Steffens-Ke\u00df hat einfallen lassen: Wein in Literatur und Film So froh ich im richtigen Leben bin, sehr wenig mit Kriminalit\u00e4t zu tun zu haben, so &#8230; <a title=\"Serienkriminalit\u00e4t mit Weinbezug\" class=\"read-more\" href=\"https:\/\/bernhard-fiedler.at\/weblog\/?p=1576\" aria-label=\"Mehr Informationen \u00fcber Serienkriminalit\u00e4t mit Weinbezug\">Weiterlesen<\/a><\/p>\n","protected":false},"author":2,"featured_media":0,"comment_status":"open","ping_status":"open","sticky":false,"template":"","format":"standard","meta":{"footnotes":""},"categories":[18],"tags":[],"class_list":["post-1576","post","type-post","status-publish","format-standard","hentry","category-weinrallye"],"_links":{"self":[{"href":"https:\/\/bernhard-fiedler.at\/weblog\/index.php?rest_route=\/wp\/v2\/posts\/1576","targetHints":{"allow":["GET"]}}],"collection":[{"href":"https:\/\/bernhard-fiedler.at\/weblog\/index.php?rest_route=\/wp\/v2\/posts"}],"about":[{"href":"https:\/\/bernhard-fiedler.at\/weblog\/index.php?rest_route=\/wp\/v2\/types\/post"}],"author":[{"embeddable":true,"href":"https:\/\/bernhard-fiedler.at\/weblog\/index.php?rest_route=\/wp\/v2\/users\/2"}],"replies":[{"embeddable":true,"href":"https:\/\/bernhard-fiedler.at\/weblog\/index.php?rest_route=%2Fwp%2Fv2%2Fcomments&post=1576"}],"version-history":[{"count":18,"href":"https:\/\/bernhard-fiedler.at\/weblog\/index.php?rest_route=\/wp\/v2\/posts\/1576\/revisions"}],"predecessor-version":[{"id":1593,"href":"https:\/\/bernhard-fiedler.at\/weblog\/index.php?rest_route=\/wp\/v2\/posts\/1576\/revisions\/1593"}],"wp:attachment":[{"href":"https:\/\/bernhard-fiedler.at\/weblog\/index.php?rest_route=%2Fwp%2Fv2%2Fmedia&parent=1576"}],"wp:term":[{"taxonomy":"category","embeddable":true,"href":"https:\/\/bernhard-fiedler.at\/weblog\/index.php?rest_route=%2Fwp%2Fv2%2Fcategories&post=1576"},{"taxonomy":"post_tag","embeddable":true,"href":"https:\/\/bernhard-fiedler.at\/weblog\/index.php?rest_route=%2Fwp%2Fv2%2Ftags&post=1576"}],"curies":[{"name":"wp","href":"https:\/\/api.w.org\/{rel}","templated":true}]}}