{"id":1558,"date":"2009-07-20T13:56:38","date_gmt":"2009-07-20T12:56:38","guid":{"rendered":"http:\/\/www.bernhard-fiedler.at\/weblog\/?p=1558"},"modified":"2009-07-20T13:56:38","modified_gmt":"2009-07-20T12:56:38","slug":"sauber-in-reih-und-glied","status":"publish","type":"post","link":"https:\/\/bernhard-fiedler.at\/weblog\/?p=1558","title":{"rendered":"Sauber in Reih und Glied"},"content":{"rendered":"<p style=\"text-align: center;\">\u00a0<img decoding=\"async\" class=\"aligncenter size-full wp-image-1560\" style=\"border: 0px;\" title=\"Sauber in Reih und Glied\" src=\"https:\/\/bernhard-fiedler.at\/weblog\/wp-content\/uploads\/2009\/07\/junganlage-18-7-09-3-komprimiert.jpg\" alt=\"junganlage-18-7-09-3-komprimiert\" \/><\/p>\n<p>Die letzten Tage haben wir gen\u00fctzt, um unsere witterungsbedingt etwas &#8222;<a href=\"https:\/\/bernhard-fiedler.at\/weblog\/?p=1515\">verwilderte<\/a>&#8220; Junganlage in Ordnung zu bringen.<\/p>\n<p>Rund um die jungen Reben wurde der Boden zuerst mechanisch und anschlie\u00dfend noch einmal h\u00e4ndisch gelockert und die Reben vom kr\u00e4ftig sprie\u00dfenden Unkraut befreit.<\/p>\n<p>Anschlie\u00dfend wurden die st\u00e4rker wachsenden Triebe angebunden, damit sie nicht vom Traktor oder vom Wind besch\u00e4digt werden und ihre Triebspitzen au\u00dferhalb der Reichweite von Feldhasen sind.<!--more--><\/p>\n<p style=\"text-align: center;\"><img decoding=\"async\" class=\"aligncenter size-full wp-image-1561\" style=\"border: 0px;\" title=\"Traditionelles Aufbinden mit Stroh\" src=\"https:\/\/bernhard-fiedler.at\/weblog\/wp-content\/uploads\/2009\/07\/junganlage-18-7-09-2-komprimiert.jpg\" alt=\"Traditionelles Aufbinden mit Stroh\" \/><\/p>\n<p>Das Aufbinden der jungen Reben erfolgt bei uns nach alter Tradition mit Stroh. Kein anderes Material ist so schnell zu verarbeiten, vorausgesetzt man beherrscht die Technik und hat geeignetes und gut gew\u00e4ssertes Stroh zur Verf\u00fcgung.<\/p>\n<p style=\"text-align: center;\"><img decoding=\"async\" class=\"aligncenter size-full wp-image-1562\" style=\"border: 0px;\" title=\"Geiztriebwachstum nach Hasenfra\u00df\" src=\"https:\/\/bernhard-fiedler.at\/weblog\/wp-content\/uploads\/2009\/07\/junganlage-18-7-09-5-komprimiert.jpg\" alt=\"junganlage-18-7-09-5-komprimiert\" \/><\/p>\n<p>Um uns einige Arbeitsg\u00e4nge zu erleichtern, haben wir im ersten Jahr unserer Junganlage auf Schutzgitter gegen Hasenfra\u00df verzichtet. Zum Gl\u00fcck haben die Tiere bislang nur vereinzelt an den jungen Triebspitzen genascht.<\/p>\n<p>Auf obigem Foto sieht man einen schon vor einigen Wochen abgebissenen Haupttrieb in der Bildmitte und mehrere Geiz-, d.h. Seitentriebe, die meist nach einem solchen Schaden verst\u00e4rkt wachsen. Wenn die Hasen nicht neuerlich zuschlagen, k\u00f6nnen diese Geiztriebe den Schaden weitgehend wettmachen.<\/p>\n<p style=\"text-align: center;\"><img decoding=\"async\" class=\"aligncenter size-full wp-image-1563\" style=\"border: 0px;\" title=\"Fragw\u00fcrdige Jungrebe\" src=\"https:\/\/bernhard-fiedler.at\/weblog\/wp-content\/uploads\/2009\/07\/junganlage-18-7-09-6-komprimiert.jpg\" alt=\"Fragw\u00fcrdige Jungrebe\" \/><\/p>\n<p>Solch fragw\u00fcrdige Pfl\u00e4nzchen finden sich in unserem neuen Weingarten zum Gl\u00fcck sehr selten. Noch ist nicht ganz auszuschlie\u00dfen, dass sich diese Rebe erf\u00e4ngt, und vielleicht mit einem Jahr Versp\u00e4tung zu einem kr\u00e4ftigen Stock heranw\u00e4chst. Besonders gut stehen die Chancen aber nicht&#8230;<\/p>\n","protected":false},"excerpt":{"rendered":"<p>\u00a0 Die letzten Tage haben wir gen\u00fctzt, um unsere witterungsbedingt etwas &#8222;verwilderte&#8220; Junganlage in Ordnung zu bringen. Rund um die jungen Reben wurde der Boden zuerst mechanisch und anschlie\u00dfend noch einmal h\u00e4ndisch gelockert und die Reben vom kr\u00e4ftig sprie\u00dfenden Unkraut befreit. Anschlie\u00dfend wurden die st\u00e4rker wachsenden Triebe angebunden, damit sie nicht vom Traktor oder vom &#8230; <a title=\"Sauber in Reih und Glied\" class=\"read-more\" href=\"https:\/\/bernhard-fiedler.at\/weblog\/?p=1558\" aria-label=\"Mehr Informationen \u00fcber Sauber in Reih und Glied\">Weiterlesen<\/a><\/p>\n","protected":false},"author":2,"featured_media":0,"comment_status":"open","ping_status":"open","sticky":false,"template":"","format":"standard","meta":{"footnotes":""},"categories":[22],"tags":[],"class_list":["post-1558","post","type-post","status-publish","format-standard","hentry","category-ein-weingarten-entsteht"],"_links":{"self":[{"href":"https:\/\/bernhard-fiedler.at\/weblog\/index.php?rest_route=\/wp\/v2\/posts\/1558","targetHints":{"allow":["GET"]}}],"collection":[{"href":"https:\/\/bernhard-fiedler.at\/weblog\/index.php?rest_route=\/wp\/v2\/posts"}],"about":[{"href":"https:\/\/bernhard-fiedler.at\/weblog\/index.php?rest_route=\/wp\/v2\/types\/post"}],"author":[{"embeddable":true,"href":"https:\/\/bernhard-fiedler.at\/weblog\/index.php?rest_route=\/wp\/v2\/users\/2"}],"replies":[{"embeddable":true,"href":"https:\/\/bernhard-fiedler.at\/weblog\/index.php?rest_route=%2Fwp%2Fv2%2Fcomments&post=1558"}],"version-history":[{"count":7,"href":"https:\/\/bernhard-fiedler.at\/weblog\/index.php?rest_route=\/wp\/v2\/posts\/1558\/revisions"}],"predecessor-version":[{"id":1575,"href":"https:\/\/bernhard-fiedler.at\/weblog\/index.php?rest_route=\/wp\/v2\/posts\/1558\/revisions\/1575"}],"wp:attachment":[{"href":"https:\/\/bernhard-fiedler.at\/weblog\/index.php?rest_route=%2Fwp%2Fv2%2Fmedia&parent=1558"}],"wp:term":[{"taxonomy":"category","embeddable":true,"href":"https:\/\/bernhard-fiedler.at\/weblog\/index.php?rest_route=%2Fwp%2Fv2%2Fcategories&post=1558"},{"taxonomy":"post_tag","embeddable":true,"href":"https:\/\/bernhard-fiedler.at\/weblog\/index.php?rest_route=%2Fwp%2Fv2%2Ftags&post=1558"}],"curies":[{"name":"wp","href":"https:\/\/api.w.org\/{rel}","templated":true}]}}