{"id":1553,"date":"2009-07-18T10:30:28","date_gmt":"2009-07-18T09:30:28","guid":{"rendered":"http:\/\/www.bernhard-fiedler.at\/weblog\/?p=1553"},"modified":"2009-07-18T10:30:28","modified_gmt":"2009-07-18T09:30:28","slug":"immer-noch-fruh","status":"publish","type":"post","link":"https:\/\/bernhard-fiedler.at\/weblog\/?p=1553","title":{"rendered":"Immer noch fr\u00fch"},"content":{"rendered":"<p style=\"text-align: center;\"><img decoding=\"async\" class=\"aligncenter size-full wp-image-1554\" style=\"border: 0px;\" title=\"Beginn der Umf\u00e4rbung beim Zweigelt\" src=\"https:\/\/bernhard-fiedler.at\/weblog\/wp-content\/uploads\/2009\/07\/umfarbung1-komprimiert.jpg\" alt=\"Beginn der Umf\u00e4rbung beim Zweigelt\" \/><\/p>\n<p>Wie <a href=\"https:\/\/bernhard-fiedler.at\/weblog\/?p=1542\">hier<\/a> vor einer Woche prognostiziert, habe ich heute nach der R\u00fcckkehr aus unserem Kurzurlaub die ersten (rot-)blauen Beeren beim Zweigelt gefunden.<\/p>\n<p>Angesichts <a href=\"https:\/\/bernhard-fiedler.at\/weblog\/?p=1359\">des fr\u00fchen Bl\u00fctebeginns am 21. Mai<\/a> h\u00e4tte es auch schon vor einer guten Woche soweit sein k\u00f6nnen, aber das nasse und k\u00fchle Wetter, dass w\u00e4hrend der Bl\u00fcte eingesetzt hat\u00a0und erst Ende Juni wieder abgeklungen ist, hat die Entwicklung der Trauben doch etwas gebremst.<\/p>\n<p>Diese Verz\u00f6gerung kommt uns durchaus gelegen, weil uns dadurch eine August-Ernte unter m\u00f6glicherweise hochsommerlichen Bedingungen erspart bleiben d\u00fcrfte. Ausreichend fr\u00fch f\u00fcr eine gute Ausreifung der Trauben ist der Jahrgang 2009 immer noch.<\/p>\n","protected":false},"excerpt":{"rendered":"<p>Wie hier vor einer Woche prognostiziert, habe ich heute nach der R\u00fcckkehr aus unserem Kurzurlaub die ersten (rot-)blauen Beeren beim Zweigelt gefunden. Angesichts des fr\u00fchen Bl\u00fctebeginns am 21. Mai h\u00e4tte es auch schon vor einer guten Woche soweit sein k\u00f6nnen, aber das nasse und k\u00fchle Wetter, dass w\u00e4hrend der Bl\u00fcte eingesetzt hat\u00a0und erst Ende Juni &#8230; <a title=\"Immer noch fr\u00fch\" class=\"read-more\" href=\"https:\/\/bernhard-fiedler.at\/weblog\/?p=1553\" aria-label=\"Mehr Informationen \u00fcber Immer noch fr\u00fch\">Weiterlesen<\/a><\/p>\n","protected":false},"author":2,"featured_media":0,"comment_status":"open","ping_status":"open","sticky":false,"template":"","format":"standard","meta":{"footnotes":""},"categories":[3],"tags":[],"class_list":["post-1553","post","type-post","status-publish","format-standard","hentry","category-im-weingarten"],"_links":{"self":[{"href":"https:\/\/bernhard-fiedler.at\/weblog\/index.php?rest_route=\/wp\/v2\/posts\/1553","targetHints":{"allow":["GET"]}}],"collection":[{"href":"https:\/\/bernhard-fiedler.at\/weblog\/index.php?rest_route=\/wp\/v2\/posts"}],"about":[{"href":"https:\/\/bernhard-fiedler.at\/weblog\/index.php?rest_route=\/wp\/v2\/types\/post"}],"author":[{"embeddable":true,"href":"https:\/\/bernhard-fiedler.at\/weblog\/index.php?rest_route=\/wp\/v2\/users\/2"}],"replies":[{"embeddable":true,"href":"https:\/\/bernhard-fiedler.at\/weblog\/index.php?rest_route=%2Fwp%2Fv2%2Fcomments&post=1553"}],"version-history":[{"count":3,"href":"https:\/\/bernhard-fiedler.at\/weblog\/index.php?rest_route=\/wp\/v2\/posts\/1553\/revisions"}],"predecessor-version":[{"id":1557,"href":"https:\/\/bernhard-fiedler.at\/weblog\/index.php?rest_route=\/wp\/v2\/posts\/1553\/revisions\/1557"}],"wp:attachment":[{"href":"https:\/\/bernhard-fiedler.at\/weblog\/index.php?rest_route=%2Fwp%2Fv2%2Fmedia&parent=1553"}],"wp:term":[{"taxonomy":"category","embeddable":true,"href":"https:\/\/bernhard-fiedler.at\/weblog\/index.php?rest_route=%2Fwp%2Fv2%2Fcategories&post=1553"},{"taxonomy":"post_tag","embeddable":true,"href":"https:\/\/bernhard-fiedler.at\/weblog\/index.php?rest_route=%2Fwp%2Fv2%2Ftags&post=1553"}],"curies":[{"name":"wp","href":"https:\/\/api.w.org\/{rel}","templated":true}]}}