{"id":155,"date":"2007-01-27T23:24:52","date_gmt":"2007-01-27T22:24:52","guid":{"rendered":"http:\/\/www.bernhard-fiedler.at\/weblog\/?p=155"},"modified":"2007-01-27T23:24:52","modified_gmt":"2007-01-27T22:24:52","slug":"vereinsmeierei-teil-1","status":"publish","type":"post","link":"https:\/\/bernhard-fiedler.at\/weblog\/?p=155","title":{"rendered":"Vereinsmeierei (Teil 1)"},"content":{"rendered":"<p>Der Winter ist die Jahreszeit der Weinbauvereine und -organisationen. W\u00e4hrend der etwas weniger arbeitsreichen Zeit (zumindest was die Arbeit im Weingarten betrifft) gilt es, Generalversammlungen abzuhalten, neue Obleute und Pr\u00e4sidenten zu w\u00e4hlen, die T\u00e4tigkeiten im kommenden Jahr zu planen und vieles mehr.<\/p>\n<p>Die burgenl\u00e4ndische (und \u00f6sterreichische) Winzerschaft leistet sich eine ganze Menge an Vereinen, Verb\u00e4nden, Kammern und sonstigen Organisationen. Bei einigen davon bin ich nicht nur passives Mitglied, sondern auch mehr oder weniger aktiver Funktionstr\u00e4ger.<\/p>\n<p>Wen und was welcher Verband vertritt und warum es manchmal sinnvoll ist (und manchmal nicht), sich zu engagieren werde ich in den n\u00e4chsten Wochen berichten.<\/p>\n","protected":false},"excerpt":{"rendered":"<p>Der Winter ist die Jahreszeit der Weinbauvereine und -organisationen. W\u00e4hrend der etwas weniger arbeitsreichen Zeit (zumindest was die Arbeit im Weingarten betrifft) gilt es, Generalversammlungen abzuhalten, neue Obleute und Pr\u00e4sidenten zu w\u00e4hlen, die T\u00e4tigkeiten im kommenden Jahr zu planen und vieles mehr. Die burgenl\u00e4ndische (und \u00f6sterreichische) Winzerschaft leistet sich eine ganze Menge an Vereinen, Verb\u00e4nden, &#8230; <a title=\"Vereinsmeierei (Teil 1)\" class=\"read-more\" href=\"https:\/\/bernhard-fiedler.at\/weblog\/?p=155\" aria-label=\"Mehr Informationen \u00fcber Vereinsmeierei (Teil 1)\">Weiterlesen<\/a><\/p>\n","protected":false},"author":2,"featured_media":0,"comment_status":"open","ping_status":"open","sticky":false,"template":"","format":"standard","meta":{"footnotes":""},"categories":[9],"tags":[],"class_list":["post-155","post","type-post","status-publish","format-standard","hentry","category-sonstige-weinberichte"],"_links":{"self":[{"href":"https:\/\/bernhard-fiedler.at\/weblog\/index.php?rest_route=\/wp\/v2\/posts\/155","targetHints":{"allow":["GET"]}}],"collection":[{"href":"https:\/\/bernhard-fiedler.at\/weblog\/index.php?rest_route=\/wp\/v2\/posts"}],"about":[{"href":"https:\/\/bernhard-fiedler.at\/weblog\/index.php?rest_route=\/wp\/v2\/types\/post"}],"author":[{"embeddable":true,"href":"https:\/\/bernhard-fiedler.at\/weblog\/index.php?rest_route=\/wp\/v2\/users\/2"}],"replies":[{"embeddable":true,"href":"https:\/\/bernhard-fiedler.at\/weblog\/index.php?rest_route=%2Fwp%2Fv2%2Fcomments&post=155"}],"version-history":[{"count":0,"href":"https:\/\/bernhard-fiedler.at\/weblog\/index.php?rest_route=\/wp\/v2\/posts\/155\/revisions"}],"wp:attachment":[{"href":"https:\/\/bernhard-fiedler.at\/weblog\/index.php?rest_route=%2Fwp%2Fv2%2Fmedia&parent=155"}],"wp:term":[{"taxonomy":"category","embeddable":true,"href":"https:\/\/bernhard-fiedler.at\/weblog\/index.php?rest_route=%2Fwp%2Fv2%2Fcategories&post=155"},{"taxonomy":"post_tag","embeddable":true,"href":"https:\/\/bernhard-fiedler.at\/weblog\/index.php?rest_route=%2Fwp%2Fv2%2Ftags&post=155"}],"curies":[{"name":"wp","href":"https:\/\/api.w.org\/{rel}","templated":true}]}}