{"id":1542,"date":"2009-07-12T21:42:06","date_gmt":"2009-07-12T20:42:06","guid":{"rendered":"http:\/\/www.bernhard-fiedler.at\/weblog\/?p=1542"},"modified":"2009-07-12T22:29:02","modified_gmt":"2009-07-12T21:29:02","slug":"sommerferien","status":"publish","type":"post","link":"https:\/\/bernhard-fiedler.at\/weblog\/?p=1542","title":{"rendered":"Sommerferien"},"content":{"rendered":"<p style=\"text-align: center;\"><img decoding=\"async\" class=\"aligncenter size-full wp-image-1543\" style=\"border: 0px;\" title=\"Blick vom Goldberg zum Neusiedlersee\" src=\"https:\/\/bernhard-fiedler.at\/weblog\/wp-content\/uploads\/2009\/07\/laubwand2-komprimiert.jpg\" alt=\"Blick vom Goldberg zum Neusiedlersee\" \/><\/p>\n<p>Nachdem die erste Ferienwoche meiner beiden T\u00f6chter wetterm\u00e4\u00dfig eher bescheiden ausgefallen ist, d\u00fcrfte uns jetzt endlich der Hochsommer ins Haus stehen. Die Prognosen sprechen von Temperaturen um die 30\u00b0C und dem einen oder anderen Gewitter.<\/p>\n<p>Grund genug, ein paar Tage Urlaub zu machen, zumal auch die\u00a0dringendsten Hausaufgaben in Sachen Laubschnitt, Mulchen der Begr\u00fcnung, Pflege der Jungreben und Pflanzenschutz vorl\u00e4ufig erledigt sind.<\/p>\n<p>Nach dem Kurzurlaub werde ich wahrscheinlich schon von den ersten blauen Beeren beim Zweigelt berichten k\u00f6nnen.<\/p>\n<p><em>Damit ich mich nach meiner R\u00fcckkehr nicht mit Massen von Spam-Kommentaren herumschlagen mu\u00df, ist die Kommentarfunktion vorl\u00e4ufig deaktiviert. Ich bitte um Verst\u00e4ndnis.<!-- End Entry --><\/em><\/p>\n","protected":false},"excerpt":{"rendered":"<p>Nachdem die erste Ferienwoche meiner beiden T\u00f6chter wetterm\u00e4\u00dfig eher bescheiden ausgefallen ist, d\u00fcrfte uns jetzt endlich der Hochsommer ins Haus stehen. Die Prognosen sprechen von Temperaturen um die 30\u00b0C und dem einen oder anderen Gewitter. Grund genug, ein paar Tage Urlaub zu machen, zumal auch die\u00a0dringendsten Hausaufgaben in Sachen Laubschnitt, Mulchen der Begr\u00fcnung, Pflege der &#8230; <a title=\"Sommerferien\" class=\"read-more\" href=\"https:\/\/bernhard-fiedler.at\/weblog\/?p=1542\" aria-label=\"Mehr Informationen \u00fcber Sommerferien\">Weiterlesen<\/a><\/p>\n","protected":false},"author":2,"featured_media":0,"comment_status":"open","ping_status":"open","sticky":false,"template":"","format":"standard","meta":{"footnotes":""},"categories":[1],"tags":[],"class_list":["post-1542","post","type-post","status-publish","format-standard","hentry","category-allgemein"],"_links":{"self":[{"href":"https:\/\/bernhard-fiedler.at\/weblog\/index.php?rest_route=\/wp\/v2\/posts\/1542","targetHints":{"allow":["GET"]}}],"collection":[{"href":"https:\/\/bernhard-fiedler.at\/weblog\/index.php?rest_route=\/wp\/v2\/posts"}],"about":[{"href":"https:\/\/bernhard-fiedler.at\/weblog\/index.php?rest_route=\/wp\/v2\/types\/post"}],"author":[{"embeddable":true,"href":"https:\/\/bernhard-fiedler.at\/weblog\/index.php?rest_route=\/wp\/v2\/users\/2"}],"replies":[{"embeddable":true,"href":"https:\/\/bernhard-fiedler.at\/weblog\/index.php?rest_route=%2Fwp%2Fv2%2Fcomments&post=1542"}],"version-history":[{"count":7,"href":"https:\/\/bernhard-fiedler.at\/weblog\/index.php?rest_route=\/wp\/v2\/posts\/1542\/revisions"}],"predecessor-version":[{"id":1552,"href":"https:\/\/bernhard-fiedler.at\/weblog\/index.php?rest_route=\/wp\/v2\/posts\/1542\/revisions\/1552"}],"wp:attachment":[{"href":"https:\/\/bernhard-fiedler.at\/weblog\/index.php?rest_route=%2Fwp%2Fv2%2Fmedia&parent=1542"}],"wp:term":[{"taxonomy":"category","embeddable":true,"href":"https:\/\/bernhard-fiedler.at\/weblog\/index.php?rest_route=%2Fwp%2Fv2%2Fcategories&post=1542"},{"taxonomy":"post_tag","embeddable":true,"href":"https:\/\/bernhard-fiedler.at\/weblog\/index.php?rest_route=%2Fwp%2Fv2%2Ftags&post=1542"}],"curies":[{"name":"wp","href":"https:\/\/api.w.org\/{rel}","templated":true}]}}