{"id":1523,"date":"2009-07-09T15:42:09","date_gmt":"2009-07-09T14:42:09","guid":{"rendered":"http:\/\/www.bernhard-fiedler.at\/weblog\/?p=1523"},"modified":"2009-07-09T15:42:09","modified_gmt":"2009-07-09T14:42:09","slug":"wetter-und-nerven-etwas-beruhigt","status":"publish","type":"post","link":"https:\/\/bernhard-fiedler.at\/weblog\/?p=1523","title":{"rendered":"Wetter und Nerven etwas beruhigt"},"content":{"rendered":"<p>Langsam scheint sich das Wetter etwas zu beruhigen, und mit ihm auch wir.<\/p>\n<p>Noch ist es etwas zu\u00a0fr\u00fch f\u00fcr ein abschlie\u00dfendes Urteil,\u00a0aber es scheint, als ob uns der falsche Mehltau vorerst nur vereinzelte und vergleichsweise harmlose Blattinfektionen beschert hat.<\/p>\n<p>Weil es seit Mitte Juni zwar nass, aber durchaus warm war, haben sich die Trauben seit der Bl\u00fcte pr\u00e4chtig entwickelt.<\/p>\n<p style=\"text-align: center;\"><img decoding=\"async\" class=\"aligncenter size-full wp-image-1525\" style=\"border: 0px;\" title=\"Zweigelt-Trauben am 8. Juli 2009\" src=\"https:\/\/bernhard-fiedler.at\/weblog\/wp-content\/uploads\/2009\/07\/zw-hofwiesort-8-7-09-komprimiert.jpg\" alt=\"Zweigelt-Trauben am 8. Juli 2009\" \/><\/p>\n<p>Auch die Triebe wachsen dank der mehr als guten Wasserversorgung kr\u00e4ftig. Damit sie nicht vom Wind abgebrochen werden, oder sich \u00fcber die Trauben h\u00e4ngen, haben wir rund drei Wochen nach dem ersten Wipfeln bereits mit dem zweiten Durchgang des Laubschnittes begonnen.<\/p>\n<p style=\"text-align: center;\"><img decoding=\"async\" class=\"aligncenter size-full wp-image-1526\" style=\"border: 0px;\" title=\"Lange Triebe\" src=\"https:\/\/bernhard-fiedler.at\/weblog\/wp-content\/uploads\/2009\/07\/lange-triebe3-komprimiert.jpg\" alt=\"Lange Triebe\" \/><\/p>\n","protected":false},"excerpt":{"rendered":"<p>Langsam scheint sich das Wetter etwas zu beruhigen, und mit ihm auch wir. Noch ist es etwas zu\u00a0fr\u00fch f\u00fcr ein abschlie\u00dfendes Urteil,\u00a0aber es scheint, als ob uns der falsche Mehltau vorerst nur vereinzelte und vergleichsweise harmlose Blattinfektionen beschert hat. Weil es seit Mitte Juni zwar nass, aber durchaus warm war, haben sich die Trauben seit &#8230; <a title=\"Wetter und Nerven etwas beruhigt\" class=\"read-more\" href=\"https:\/\/bernhard-fiedler.at\/weblog\/?p=1523\" aria-label=\"Mehr Informationen \u00fcber Wetter und Nerven etwas beruhigt\">Weiterlesen<\/a><\/p>\n","protected":false},"author":2,"featured_media":0,"comment_status":"open","ping_status":"open","sticky":false,"template":"","format":"standard","meta":{"footnotes":""},"categories":[3],"tags":[],"class_list":["post-1523","post","type-post","status-publish","format-standard","hentry","category-im-weingarten"],"_links":{"self":[{"href":"https:\/\/bernhard-fiedler.at\/weblog\/index.php?rest_route=\/wp\/v2\/posts\/1523","targetHints":{"allow":["GET"]}}],"collection":[{"href":"https:\/\/bernhard-fiedler.at\/weblog\/index.php?rest_route=\/wp\/v2\/posts"}],"about":[{"href":"https:\/\/bernhard-fiedler.at\/weblog\/index.php?rest_route=\/wp\/v2\/types\/post"}],"author":[{"embeddable":true,"href":"https:\/\/bernhard-fiedler.at\/weblog\/index.php?rest_route=\/wp\/v2\/users\/2"}],"replies":[{"embeddable":true,"href":"https:\/\/bernhard-fiedler.at\/weblog\/index.php?rest_route=%2Fwp%2Fv2%2Fcomments&post=1523"}],"version-history":[{"count":5,"href":"https:\/\/bernhard-fiedler.at\/weblog\/index.php?rest_route=\/wp\/v2\/posts\/1523\/revisions"}],"predecessor-version":[{"id":1530,"href":"https:\/\/bernhard-fiedler.at\/weblog\/index.php?rest_route=\/wp\/v2\/posts\/1523\/revisions\/1530"}],"wp:attachment":[{"href":"https:\/\/bernhard-fiedler.at\/weblog\/index.php?rest_route=%2Fwp%2Fv2%2Fmedia&parent=1523"}],"wp:term":[{"taxonomy":"category","embeddable":true,"href":"https:\/\/bernhard-fiedler.at\/weblog\/index.php?rest_route=%2Fwp%2Fv2%2Fcategories&post=1523"},{"taxonomy":"post_tag","embeddable":true,"href":"https:\/\/bernhard-fiedler.at\/weblog\/index.php?rest_route=%2Fwp%2Fv2%2Ftags&post=1523"}],"curies":[{"name":"wp","href":"https:\/\/api.w.org\/{rel}","templated":true}]}}