{"id":1436,"date":"2009-06-10T21:08:18","date_gmt":"2009-06-10T20:08:18","guid":{"rendered":"http:\/\/www.bernhard-fiedler.at\/weblog\/?p=1436"},"modified":"2009-06-10T21:08:18","modified_gmt":"2009-06-10T20:08:18","slug":"die-einen-wachsen","status":"publish","type":"post","link":"https:\/\/bernhard-fiedler.at\/weblog\/?p=1436","title":{"rendered":"Die einen wachsen,&#8230;"},"content":{"rendered":"<p style=\"text-align: center;\"><img decoding=\"async\" class=\"aligncenter size-full wp-image-1437\" style=\"border: 0px;\" title=\"Nach der Bl\u00fcte\" src=\"https:\/\/bernhard-fiedler.at\/weblog\/wp-content\/uploads\/2009\/06\/schrotkorngrose2-komprimiert.jpg\" alt=\"Nach der Bl\u00fcte\" \/><\/p>\n<p><strong>&#8230;und um die anderen m\u00fcssen wir noch zittern.<\/strong><\/p>\n<p>W\u00e4hrend sich diese Zweigelt-Traube schon im Stadium der Schrotkorngr\u00f6\u00dfe befindet, bl\u00fchen die letzten Gescheine &#8222;dank&#8220; des na\u00dfkalten Wetters der letzten Wochen immer noch.<\/p>\n<p>Um den Muskat Ottonel machen wir uns mittlerweile echte Sorgen. Wie es scheint, sind sehr viele der kleinen Bl\u00fcten dieser empfindlichen Sorte nicht richtig befruchtet worden und werden wohl in den n\u00e4chsten Wochen abfallen.<\/p>\n<p>Zum Gl\u00fcck ist unser Muskat-Lager nach der reichen Ernte 2008 gut gef\u00fcllt, denn vom 2009er wird es ganz sicher deutlich weniger geben.<\/p>\n","protected":false},"excerpt":{"rendered":"<p>&#8230;und um die anderen m\u00fcssen wir noch zittern. W\u00e4hrend sich diese Zweigelt-Traube schon im Stadium der Schrotkorngr\u00f6\u00dfe befindet, bl\u00fchen die letzten Gescheine &#8222;dank&#8220; des na\u00dfkalten Wetters der letzten Wochen immer noch. Um den Muskat Ottonel machen wir uns mittlerweile echte Sorgen. Wie es scheint, sind sehr viele der kleinen Bl\u00fcten dieser empfindlichen Sorte nicht richtig &#8230; <a title=\"Die einen wachsen,&#8230;\" class=\"read-more\" href=\"https:\/\/bernhard-fiedler.at\/weblog\/?p=1436\" aria-label=\"Mehr Informationen \u00fcber Die einen wachsen,&#8230;\">Weiterlesen<\/a><\/p>\n","protected":false},"author":2,"featured_media":0,"comment_status":"open","ping_status":"open","sticky":false,"template":"","format":"standard","meta":{"footnotes":""},"categories":[3],"tags":[],"class_list":["post-1436","post","type-post","status-publish","format-standard","hentry","category-im-weingarten"],"_links":{"self":[{"href":"https:\/\/bernhard-fiedler.at\/weblog\/index.php?rest_route=\/wp\/v2\/posts\/1436","targetHints":{"allow":["GET"]}}],"collection":[{"href":"https:\/\/bernhard-fiedler.at\/weblog\/index.php?rest_route=\/wp\/v2\/posts"}],"about":[{"href":"https:\/\/bernhard-fiedler.at\/weblog\/index.php?rest_route=\/wp\/v2\/types\/post"}],"author":[{"embeddable":true,"href":"https:\/\/bernhard-fiedler.at\/weblog\/index.php?rest_route=\/wp\/v2\/users\/2"}],"replies":[{"embeddable":true,"href":"https:\/\/bernhard-fiedler.at\/weblog\/index.php?rest_route=%2Fwp%2Fv2%2Fcomments&post=1436"}],"version-history":[{"count":3,"href":"https:\/\/bernhard-fiedler.at\/weblog\/index.php?rest_route=\/wp\/v2\/posts\/1436\/revisions"}],"predecessor-version":[{"id":1440,"href":"https:\/\/bernhard-fiedler.at\/weblog\/index.php?rest_route=\/wp\/v2\/posts\/1436\/revisions\/1440"}],"wp:attachment":[{"href":"https:\/\/bernhard-fiedler.at\/weblog\/index.php?rest_route=%2Fwp%2Fv2%2Fmedia&parent=1436"}],"wp:term":[{"taxonomy":"category","embeddable":true,"href":"https:\/\/bernhard-fiedler.at\/weblog\/index.php?rest_route=%2Fwp%2Fv2%2Fcategories&post=1436"},{"taxonomy":"post_tag","embeddable":true,"href":"https:\/\/bernhard-fiedler.at\/weblog\/index.php?rest_route=%2Fwp%2Fv2%2Ftags&post=1436"}],"curies":[{"name":"wp","href":"https:\/\/api.w.org\/{rel}","templated":true}]}}