{"id":1388,"date":"2009-05-31T14:40:43","date_gmt":"2009-05-31T13:40:43","guid":{"rendered":"http:\/\/www.bernhard-fiedler.at\/weblog\/?p=1388"},"modified":"2009-07-19T18:25:34","modified_gmt":"2009-07-19T17:25:34","slug":"nass-kalt-und-windig","status":"publish","type":"post","link":"https:\/\/bernhard-fiedler.at\/weblog\/?p=1388","title":{"rendered":"Nass, kalt und windig"},"content":{"rendered":"<p><img decoding=\"async\" class=\"aligncenter size-full wp-image-1389\" style=\"border: 0px;\" title=\"Tr\u00fcbes Wetter\" src=\"https:\/\/bernhard-fiedler.at\/weblog\/wp-content\/uploads\/2009\/05\/triebspitzen-komprimiert-beschnitten.jpg\" alt=\"Tr\u00fcbes Wetter\" \/><\/p>\n<p>Nach fast zwei Monaten ohne nennenswertem Regen haben wir in den letzten Tagen immerhin gut 25 Liter pro Quadratmeter abbekommen. Die kleinen Hagelk\u00f6rner, die am Freitag Abend auch dabei waren, haben zum Gl\u00fcck keinen Schaden angerichtet.<\/p>\n<p>Trotzdem ist die Freude \u00fcber das lang ersehnte Nass und die derzeitige Wetterlage nicht ungetr\u00fcbt. Schlie\u00dflich ist die Rebbl\u00fcte noch nicht zu Ende, und bei empfindlichen Sorten wie dem Muskat Ottonel k\u00f6nnen solche Bedingungen leicht zum Verrieseln f\u00fchren.<\/p>\n<p>Dabei werden viele der kleinen Bl\u00fcten nicht befruchtet und fallen ab, anstatt zu stattlichen Beeren heranzuwachsen. Im Extremfall kann das einen Ertragsausfall von 50 Prozent und mehr bedeuten.<\/p>\n","protected":false},"excerpt":{"rendered":"<p>Nach fast zwei Monaten ohne nennenswertem Regen haben wir in den letzten Tagen immerhin gut 25 Liter pro Quadratmeter abbekommen. Die kleinen Hagelk\u00f6rner, die am Freitag Abend auch dabei waren, haben zum Gl\u00fcck keinen Schaden angerichtet. Trotzdem ist die Freude \u00fcber das lang ersehnte Nass und die derzeitige Wetterlage nicht ungetr\u00fcbt. Schlie\u00dflich ist die Rebbl\u00fcte &#8230; <a title=\"Nass, kalt und windig\" class=\"read-more\" href=\"https:\/\/bernhard-fiedler.at\/weblog\/?p=1388\" aria-label=\"Mehr Informationen \u00fcber Nass, kalt und windig\">Weiterlesen<\/a><\/p>\n","protected":false},"author":2,"featured_media":0,"comment_status":"open","ping_status":"open","sticky":false,"template":"","format":"standard","meta":{"footnotes":""},"categories":[8],"tags":[],"class_list":["post-1388","post","type-post","status-publish","format-standard","hentry","category-das-wetter"],"_links":{"self":[{"href":"https:\/\/bernhard-fiedler.at\/weblog\/index.php?rest_route=\/wp\/v2\/posts\/1388","targetHints":{"allow":["GET"]}}],"collection":[{"href":"https:\/\/bernhard-fiedler.at\/weblog\/index.php?rest_route=\/wp\/v2\/posts"}],"about":[{"href":"https:\/\/bernhard-fiedler.at\/weblog\/index.php?rest_route=\/wp\/v2\/types\/post"}],"author":[{"embeddable":true,"href":"https:\/\/bernhard-fiedler.at\/weblog\/index.php?rest_route=\/wp\/v2\/users\/2"}],"replies":[{"embeddable":true,"href":"https:\/\/bernhard-fiedler.at\/weblog\/index.php?rest_route=%2Fwp%2Fv2%2Fcomments&post=1388"}],"version-history":[{"count":5,"href":"https:\/\/bernhard-fiedler.at\/weblog\/index.php?rest_route=\/wp\/v2\/posts\/1388\/revisions"}],"predecessor-version":[{"id":1569,"href":"https:\/\/bernhard-fiedler.at\/weblog\/index.php?rest_route=\/wp\/v2\/posts\/1388\/revisions\/1569"}],"wp:attachment":[{"href":"https:\/\/bernhard-fiedler.at\/weblog\/index.php?rest_route=%2Fwp%2Fv2%2Fmedia&parent=1388"}],"wp:term":[{"taxonomy":"category","embeddable":true,"href":"https:\/\/bernhard-fiedler.at\/weblog\/index.php?rest_route=%2Fwp%2Fv2%2Fcategories&post=1388"},{"taxonomy":"post_tag","embeddable":true,"href":"https:\/\/bernhard-fiedler.at\/weblog\/index.php?rest_route=%2Fwp%2Fv2%2Ftags&post=1388"}],"curies":[{"name":"wp","href":"https:\/\/api.w.org\/{rel}","templated":true}]}}