{"id":137,"date":"2007-05-20T10:00:43","date_gmt":"2007-05-20T09:00:43","guid":{"rendered":"http:\/\/www.bernhard-fiedler.at\/weblog\/?p=137"},"modified":"2007-05-20T13:22:52","modified_gmt":"2007-05-20T12:22:52","slug":"winzer-terror-in-frankreich","status":"publish","type":"post","link":"https:\/\/bernhard-fiedler.at\/weblog\/?p=137","title":{"rendered":"Winzer-Terror in Frankreich"},"content":{"rendered":"<p>Wie Wein-Plus <a href=\"http:\/\/www.wein-plus.de\/magazin\/19.05.2007+Radikale+Winzer+drohen+mit+versch%E4rftem+Terror_fn3918.html\">vermeldet<\/a>, droht eine radikale Winzergruppe in S\u00fcdfrankreich mit schweren Terroranschl\u00e4gen, wenn der neu gew\u00e4hlte Pr\u00e4sident Nicolas Sarkozy nicht binnen eines Monats f\u00fcr h\u00f6here Weinpreise sorgt.<\/p>\n<p>Die Winzergruppe hat bereits in der Vergangenheit zahlreiche Anschl\u00e4ge mit Sachsch\u00e4den ver\u00fcbt und droht damit, k\u00fcnftig keine R\u00fccksicht mehr auf Menschenleben zu nehmen.<\/p>\n<p>Eigentlich machen mich solche Meldungen ziemlich sprachlos. Abgesehen davon, da\u00df ich die Methoden dieser Gruppe verabscheue halte ich als Bef\u00fcrworter eines freieren Marktes auch in der Landwirtschaft solche agrarpolitischen Vorstellungen f\u00fcr v\u00f6llig daneben.<\/p>\n<p>Die Versuchung ist gro\u00df, undifferenziert mit dem Finger auf die gesamte franz\u00f6sische Weinbauernschaft zu zeigen. Bevor aber das allgemeine Frankreich-Bashing so richtig losgeht (manche sinnieren ja schon dar\u00fcber, franz\u00f6sische Weine zu boykottieren), m\u00f6chte ich mit einem kleinen <strong>Exkurs in die \u00f6sterreichische Weinbaugeschichte<\/strong> zeigen, da\u00df radikale Tendenzen in der Winzerschaft in schwierigen Zeiten keine spezifisch franz\u00f6sische Sache sind.<!--more--><\/p>\n<p>Der \u00f6sterreichische <a href=\"http:\/\/de.wikipedia.org\/wiki\/Glykolwein-Skandal\">Weinskandal<\/a> von 1985 bescherte (bei allen damals nicht im entferntesten absehbaren positiven Langzeitfolgen) der Weinwirtschaft eine gewaltige Krise. Der Weinexport brach zusammen, Konsumenten im In- und Ausland waren verunsichert, Falschmeldungen gingen durch die Medien, Winzer wurden zu unrecht medial verurteilt und nach Jahren des Aufschwungs erfasste eine gro\u00dfe Zukunftsangst die Winzerschaft.<\/p>\n<p>Die nicht gerade besonders bauernnahe Regierung (SP\u00d6\/FP\u00d6) war damit v\u00f6llig \u00fcberfordert und beschlo\u00df im Eilverfahren ein Weingesetz, das gepr\u00e4gt war von \u00dcberb\u00fcrokratisierung, grunds\u00e4tzlichem Mi\u00dftrauen den Winzern gegen\u00fcber und v\u00f6lliger Ahnungslosigkeit in Sachen Durchf\u00fchrbarkeit. <\/p>\n<p>Als besonders absurdes Beispiel sei die Absicht genannt, den f\u00fcr die Aufbesserung zugelassenen R\u00fcbenzucker radioaktiv zu &#8222;markieren&#8220;, um die Einhaltung der gesetzlichen Grenzwerte im fertigen Wein kontrollieren zu k\u00f6nnen, in dem der Zucker ja zu Alkohol vergoren ist.<\/p>\n<p>Nachdem alle sachlichen Einw\u00e4nde im Begutachtungsverfahren keine \u00c4nderungen bewirkten, verlagerte sich der Protest der verunsicherten Weinbauern in den Jahren 1985\/86 zunehmend auf die Stra\u00dfe. Grenz\u00fcberg\u00e4nge wurden blockiert und in der aufgeheizten Stimmung kam es auch zu kleineren Handgreiflichkeiten, unter anderem gegen den zust\u00e4ndigen Landwirtschaftsminister Haiden.<\/p>\n<p>In dieser Zeit hatte die sogenannte &#8222;<strong>N<\/strong>ot<strong>w<\/strong>ehr<strong>g<\/strong>emeinschaft der Bauern&#8220; mit ihren radikalen Forderungen an die Weinbaupolitik regen Zulauf. Viele Winzer sympathisierten mit den radikalen Thesen dieser Gruppe und noch mehr hatten zumindest Verst\u00e4ndnis daf\u00fcr. Auf einer Website, die ich wegen des dort vertretenen Gedankengutes nicht verlinken m\u00f6chte, findet sich \u00fcber einen der NWG-F\u00fchrer folgende (Selbst-)Darstellung:<\/p>\n<p><em>Er war Mitte der 80er Jahre Mitgr\u00fcnder der &#8222;Notwehr-gemeinschaft der Bauern&#8220;, einer freien und unabh\u00e4ngigen Bauerninitiative. Diese machte durch spektakul\u00e4re Aktionen auf sich aufmerksam indem sie eine Vielzahl von Grenz\u00fcberg\u00e4ngen aus Protest gegen die linke Bauernpolitik durch Traktorblockaden sperrte. Dies f\u00fchrte dazu, da\u00df Ost\u00f6sterreich einige Tage lang nicht mit LKW\u00b4s angefahren werden konnte. <\/p>\n<p>Die Zeitungen waren voll des Lobes und der Anerkennung f\u00fcr ihn und seine Mitstreiter, die nicht nur durch Aktion, sondern auch durch brilliante Argumentation und Rhetorik gl\u00e4nzten. Die Folge war, da\u00df es zu massiven Verbesserungen in der &#8222;Behandlung&#8220; der Bauern kam. <\/p>\n<p>Er aber hatte erkannt, da\u00df nicht nur die Landwirtschaftspolitik eines Landes am Bauernsterben schuld war, sondern das es ein globales System gibt, welches den Niedergang des Bauerntumes verursacht und wandte sich daher folgerichtig auch allgemeinen politischen Fragen zu, die er allerdings bis heute unter der besonderen Beachtung des Bauernstandes sieht. <\/em><\/p>\n<p>Diese (zumindest verbalradikale) Hinwendung zu allgemeinen politischen Fragen hat eine eindeutige Schlagseite nach rechts, wie diese <a href=\"http:\/\/www.gegendenantisemitismus.at\/frames.php?\/projekte\/rechts\/organisation\/links\/notwehr.html\">Kurzdarstellung<\/a> des Dokumentationsarchivs des \u00f6sterreichischen Widerstandes zeigt. Die Spitzenleute der NWG waren gut in der nicht gerade als gewaltablehnend bekannten rechtsextremen Szene verankert. Im Jahr 2000 wurde schlie\u00dflich einer der Mitbegr\u00fcnder rechtskr\u00e4ftig wegen nationalsozialistischer Widerbet\u00e4tigung verurteilt.<\/p>\n<p>Das im Nationalrat im August 1985 von der SP\u00d6\/FP\u00d6-Mehrheit beschlossene Weingesetz wurde im Bundesrat (der L\u00e4nderkammer des Parlaments) von der \u00d6VP-Mehrheit beeeinsprucht. Die allgemeine Abk\u00fchlung der Atmosph\u00e4re und die ge\u00e4nderte politische Gro\u00dfwetterlage f\u00fchrte dann dazu, da\u00df es nicht mittels Beharrungsbeschlu\u00df unver\u00e4ndert in Kraft trat, sondern erst nach einer \u00dcberarbeitung, die die allergr\u00f6bsten Dummheiten beseitigte.<\/p>\n<p>Diese, bis heute als strengstes Weingesetz der Welt bezeichnete Version mu\u00dfte in Folge beinahe j\u00e4hrlich novelliert werden, um sie \u00fcberhaupt vollziehbar zu machen. Nach jahrelangen \u00c4nderungen war das Weingesetz von 1986 schlie\u00dflich auch f\u00fcr versierte Juristen kaum noch lesbar, weshalb es schlie\u00dflich 1999 v\u00f6llig neu geschrieben und beschlossen werden mu\u00dfte.<\/p>\n<p>Die politischen Entwicklungen zwischen Herbst 1985 und Fr\u00fchjahr 1986 und das zur\u00fcckgewonnene Vertrauen der Weinkonsumenten im Inland f\u00fchrten zu einer merklichen Entspannung der Situation. Sp\u00e4testens nach dem Reaktorunfall in Tschernobyl im April 1986 verschwand der Weinskandal auch aus der medialen Berichterstattung und die \u00fcberwiegende Mehrheit der Winzerschaft arrangierte sich mit der neuen Bedingungen und startete das &#8222;\u00f6sterreichische Weinwunder&#8220;.<\/p>\n<p>Die sogenannte &#8222;Notwehrgemeinschaft der Bauern&#8220; verlor deutlich an Zulauf, schaffte es aber noch mehr als ein Jahrzehnt, gen\u00fcgend W\u00e4hlerstimmen f\u00fcr einen Einzug in den Kammerrat der burgenl\u00e4ndischen Landwirtschaftskammer zu erzielen, ohne sich je von den rechtsradikalen Kontakten zu distanzieren. Erst bei den Wahlen im Jahr 2003 kandidierte die NWG nicht mehr.<\/p>\n<p>Der gl\u00fccklose Landwirtschaftsminister Haiden verlie\u00df gemeinsam mit &#8222;seinem&#8220; (burgenl\u00e4ndischen) <a href=\"http:\/\/de.wikipedia.org\/wiki\/Fred_Sinowatz\">Bundeskanzler Sinowatz<\/a> noch im Jahr 1986 die Regierung. Das Sinowatz damals \u00f6ffentlich die gesamte Winzerschaft pauschal als <em>&#8222;faschistoide Weinbauern&#8220;<\/em> bezeichnet hat, spielte dabei zwar keine Rolle, wird ihm aber vor allem im Burgenland bis heute \u00fcbel genommen.<\/p>\n","protected":false},"excerpt":{"rendered":"<p>Wie Wein-Plus vermeldet, droht eine radikale Winzergruppe in S\u00fcdfrankreich mit schweren Terroranschl\u00e4gen, wenn der neu gew\u00e4hlte Pr\u00e4sident Nicolas Sarkozy nicht binnen eines Monats f\u00fcr h\u00f6here Weinpreise sorgt. Die Winzergruppe hat bereits in der Vergangenheit zahlreiche Anschl\u00e4ge mit Sachsch\u00e4den ver\u00fcbt und droht damit, k\u00fcnftig keine R\u00fccksicht mehr auf Menschenleben zu nehmen. Eigentlich machen mich solche Meldungen &#8230; <a title=\"Winzer-Terror in Frankreich\" class=\"read-more\" href=\"https:\/\/bernhard-fiedler.at\/weblog\/?p=137\" aria-label=\"Mehr Informationen \u00fcber Winzer-Terror in Frankreich\">Weiterlesen<\/a><\/p>\n","protected":false},"author":2,"featured_media":0,"comment_status":"open","ping_status":"open","sticky":false,"template":"","format":"standard","meta":{"footnotes":""},"categories":[5],"tags":[],"class_list":["post-137","post","type-post","status-publish","format-standard","hentry","category-in-den-weinmedien"],"_links":{"self":[{"href":"https:\/\/bernhard-fiedler.at\/weblog\/index.php?rest_route=\/wp\/v2\/posts\/137","targetHints":{"allow":["GET"]}}],"collection":[{"href":"https:\/\/bernhard-fiedler.at\/weblog\/index.php?rest_route=\/wp\/v2\/posts"}],"about":[{"href":"https:\/\/bernhard-fiedler.at\/weblog\/index.php?rest_route=\/wp\/v2\/types\/post"}],"author":[{"embeddable":true,"href":"https:\/\/bernhard-fiedler.at\/weblog\/index.php?rest_route=\/wp\/v2\/users\/2"}],"replies":[{"embeddable":true,"href":"https:\/\/bernhard-fiedler.at\/weblog\/index.php?rest_route=%2Fwp%2Fv2%2Fcomments&post=137"}],"version-history":[{"count":0,"href":"https:\/\/bernhard-fiedler.at\/weblog\/index.php?rest_route=\/wp\/v2\/posts\/137\/revisions"}],"wp:attachment":[{"href":"https:\/\/bernhard-fiedler.at\/weblog\/index.php?rest_route=%2Fwp%2Fv2%2Fmedia&parent=137"}],"wp:term":[{"taxonomy":"category","embeddable":true,"href":"https:\/\/bernhard-fiedler.at\/weblog\/index.php?rest_route=%2Fwp%2Fv2%2Fcategories&post=137"},{"taxonomy":"post_tag","embeddable":true,"href":"https:\/\/bernhard-fiedler.at\/weblog\/index.php?rest_route=%2Fwp%2Fv2%2Ftags&post=137"}],"curies":[{"name":"wp","href":"https:\/\/api.w.org\/{rel}","templated":true}]}}