{"id":1359,"date":"2009-05-21T13:10:16","date_gmt":"2009-05-21T12:10:16","guid":{"rendered":"http:\/\/www.bernhard-fiedler.at\/weblog\/?p=1359"},"modified":"2009-05-21T13:11:30","modified_gmt":"2009-05-21T12:11:30","slug":"es-bluht-so-grun","status":"publish","type":"post","link":"https:\/\/bernhard-fiedler.at\/weblog\/?p=1359","title":{"rendered":"Es bl\u00fcht so gr\u00fcn&#8230;"},"content":{"rendered":"<p style=\"text-align: center;\"><strong><img decoding=\"async\" class=\"aligncenter size-full wp-image-1361\" style=\"border: 0px;\" title=\"Rebbl\u00fcte\" src=\"https:\/\/bernhard-fiedler.at\/weblog\/wp-content\/uploads\/2009\/05\/rebblute-bearbeitet.jpg\" alt=\"rebblute-bearbeitet\" \/><\/strong><\/p>\n<p style=\"text-align: center;\"><strong>&#8230;wenn M\u00f6rbischs Weing\u00e4rten bl\u00fchen<\/strong><\/p>\n<p>Die B\u00fcte ist ein wichtiger Wendepunkt im Weinjahr. Der Rebstock verlagert seine Energie vom (Trieb-)Wachstum hin zur Traube, und auch wenn in den n\u00e4chsten rund 100 bis 110 Tagen bis zur Ernte noch viel passieren kann, hat die Bl\u00fcte einen gro\u00dfen Einflu\u00df auf die Menge und Qualit\u00e4t des Jahrgangs.<\/p>\n<p>Da kann man schon einmal euphorisch werden, und den Titel des bekanntesten Liedes <a href=\"http:\/\/de.wikipedia.org\/wiki\/My_Fair_Lady\">jenes Musicals<\/a> verballhornen, das heuer zum ersten Mal bei den <a href=\"http:\/\/www.seefestspiele-moerbisch.at\/\">M\u00f6rbischer Seefestspielen<\/a> aufgef\u00fchrt wird.<\/p>\n<p>Gestern habe ich die ersten ge\u00f6ffneten Rebbl\u00fcten in unseren Weing\u00e4rten gefunden, etwa eine Woche fr\u00fcher als <a href=\"https:\/\/bernhard-fiedler.at\/weblog\/?p=586\">2008<\/a> und vergleichbar mit <a href=\"https:\/\/bernhard-fiedler.at\/weblog\/?p=235\">2007<\/a>. Wie es aussieht, m\u00fcssen wir uns heuer wieder auf einem Erntebeginn im August oder in den ersten Septembertagen einstellen.<\/p>\n<p>Nat\u00fcrlich kann ein ungew\u00f6hnlich kalter oder trockener Sommer oder ein nasser Herbst den Lesetermin noch um die eine oder andere Woche verschieben. Das es keine sp\u00e4te Ernte wird, steht aber jetzt fest, denn nach der Bl\u00fcte ist nicht mehr damit zu rechnen, dass sich das Blatt in zwei Monaten so wendet, wie im April und Mai:<\/p>\n<p>W\u00e4hrend ich jetzt n\u00e4mlich von einer sehr fr\u00fchen Bl\u00fcte berichten kann, habe ich am 22. M\u00e4rz noch dar\u00fcber geschrieben,\u00a0<a href=\"https:\/\/bernhard-fiedler.at\/weblog\/?p=1172\">dass sich 2009 Zeit l\u00e4\u00dft<\/a>.<\/p>\n","protected":false},"excerpt":{"rendered":"<p>&#8230;wenn M\u00f6rbischs Weing\u00e4rten bl\u00fchen Die B\u00fcte ist ein wichtiger Wendepunkt im Weinjahr. Der Rebstock verlagert seine Energie vom (Trieb-)Wachstum hin zur Traube, und auch wenn in den n\u00e4chsten rund 100 bis 110 Tagen bis zur Ernte noch viel passieren kann, hat die Bl\u00fcte einen gro\u00dfen Einflu\u00df auf die Menge und Qualit\u00e4t des Jahrgangs. Da kann &#8230; <a title=\"Es bl\u00fcht so gr\u00fcn&#8230;\" class=\"read-more\" href=\"https:\/\/bernhard-fiedler.at\/weblog\/?p=1359\" aria-label=\"Mehr Informationen \u00fcber Es bl\u00fcht so gr\u00fcn&#8230;\">Weiterlesen<\/a><\/p>\n","protected":false},"author":2,"featured_media":0,"comment_status":"open","ping_status":"open","sticky":false,"template":"","format":"standard","meta":{"footnotes":""},"categories":[3],"tags":[],"class_list":["post-1359","post","type-post","status-publish","format-standard","hentry","category-im-weingarten"],"_links":{"self":[{"href":"https:\/\/bernhard-fiedler.at\/weblog\/index.php?rest_route=\/wp\/v2\/posts\/1359","targetHints":{"allow":["GET"]}}],"collection":[{"href":"https:\/\/bernhard-fiedler.at\/weblog\/index.php?rest_route=\/wp\/v2\/posts"}],"about":[{"href":"https:\/\/bernhard-fiedler.at\/weblog\/index.php?rest_route=\/wp\/v2\/types\/post"}],"author":[{"embeddable":true,"href":"https:\/\/bernhard-fiedler.at\/weblog\/index.php?rest_route=\/wp\/v2\/users\/2"}],"replies":[{"embeddable":true,"href":"https:\/\/bernhard-fiedler.at\/weblog\/index.php?rest_route=%2Fwp%2Fv2%2Fcomments&post=1359"}],"version-history":[{"count":4,"href":"https:\/\/bernhard-fiedler.at\/weblog\/index.php?rest_route=\/wp\/v2\/posts\/1359\/revisions"}],"predecessor-version":[{"id":1364,"href":"https:\/\/bernhard-fiedler.at\/weblog\/index.php?rest_route=\/wp\/v2\/posts\/1359\/revisions\/1364"}],"wp:attachment":[{"href":"https:\/\/bernhard-fiedler.at\/weblog\/index.php?rest_route=%2Fwp%2Fv2%2Fmedia&parent=1359"}],"wp:term":[{"taxonomy":"category","embeddable":true,"href":"https:\/\/bernhard-fiedler.at\/weblog\/index.php?rest_route=%2Fwp%2Fv2%2Fcategories&post=1359"},{"taxonomy":"post_tag","embeddable":true,"href":"https:\/\/bernhard-fiedler.at\/weblog\/index.php?rest_route=%2Fwp%2Fv2%2Ftags&post=1359"}],"curies":[{"name":"wp","href":"https:\/\/api.w.org\/{rel}","templated":true}]}}