{"id":1318,"date":"2009-05-06T05:43:25","date_gmt":"2009-05-06T04:43:25","guid":{"rendered":"http:\/\/www.bernhard-fiedler.at\/weblog\/?p=1318"},"modified":"2009-05-06T05:43:25","modified_gmt":"2009-05-06T04:43:25","slug":"26-kilometer","status":"publish","type":"post","link":"https:\/\/bernhard-fiedler.at\/weblog\/?p=1318","title":{"rendered":"26 Kilometer"},"content":{"rendered":"<p><img decoding=\"async\" class=\"aligncenter size-full wp-image-1319\" style=\"border: 0px;\" title=\"Der Drahtrahmen ist fertig\" src=\"https:\/\/bernhard-fiedler.at\/weblog\/wp-content\/uploads\/2009\/05\/drahtrahmen3-komprimiert.jpg\" alt=\"Der Drahtrahmen ist fertig\" \/><\/p>\n<p>So schnell waren wir noch nie. In den\u00a0zw\u00f6lf Tagen seit der <a href=\"https:\/\/bernhard-fiedler.at\/weblog\/?p=1290\">Pflanzung<\/a> unserer Junganlage am Goldberg haben wir<\/p>\n<ul>\n<li>530 L\u00f6cher gebohrt und ebensoviele Holzpf\u00e4hle hineingestellt<\/li>\n<li>3730 Eisenst\u00e4be jeweils genau bei einer Rebe positioniert<\/li>\n<li>26 Kilometer Draht abgerollt, gespannt und mit<\/li>\n<li>3700 N\u00e4geln fixiert.<\/li>\n<\/ul>\n<p>Jetzt ist das Unterst\u00fctzungsger\u00fcst fertig, und zum Abschlu\u00df haben wir den Boden gelockert, um die zahlreichen Traktorspuren von Pflanzung und Materialtransport zu beseitigen.<\/p>\n<p>Die Reben wachsen \u00fcbrigens schon und sehen mittlerweile so aus:<\/p>\n<p style=\"text-align: center;\"><img decoding=\"async\" class=\"aligncenter size-full wp-image-1321\" style=\"border: 0px;\" title=\"Der Austrieb junger Reben\" src=\"https:\/\/bernhard-fiedler.at\/weblog\/wp-content\/uploads\/2009\/05\/austrieb2-komprimiert.jpg\" alt=\"Der Austrieb junger Reben\" \/><\/p>\n","protected":false},"excerpt":{"rendered":"<p>So schnell waren wir noch nie. In den\u00a0zw\u00f6lf Tagen seit der Pflanzung unserer Junganlage am Goldberg haben wir 530 L\u00f6cher gebohrt und ebensoviele Holzpf\u00e4hle hineingestellt 3730 Eisenst\u00e4be jeweils genau bei einer Rebe positioniert 26 Kilometer Draht abgerollt, gespannt und mit 3700 N\u00e4geln fixiert. Jetzt ist das Unterst\u00fctzungsger\u00fcst fertig, und zum Abschlu\u00df haben wir den Boden &#8230; <a title=\"26 Kilometer\" class=\"read-more\" href=\"https:\/\/bernhard-fiedler.at\/weblog\/?p=1318\" aria-label=\"Mehr Informationen \u00fcber 26 Kilometer\">Weiterlesen<\/a><\/p>\n","protected":false},"author":2,"featured_media":0,"comment_status":"open","ping_status":"open","sticky":false,"template":"","format":"standard","meta":{"footnotes":""},"categories":[22],"tags":[],"class_list":["post-1318","post","type-post","status-publish","format-standard","hentry","category-ein-weingarten-entsteht"],"_links":{"self":[{"href":"https:\/\/bernhard-fiedler.at\/weblog\/index.php?rest_route=\/wp\/v2\/posts\/1318","targetHints":{"allow":["GET"]}}],"collection":[{"href":"https:\/\/bernhard-fiedler.at\/weblog\/index.php?rest_route=\/wp\/v2\/posts"}],"about":[{"href":"https:\/\/bernhard-fiedler.at\/weblog\/index.php?rest_route=\/wp\/v2\/types\/post"}],"author":[{"embeddable":true,"href":"https:\/\/bernhard-fiedler.at\/weblog\/index.php?rest_route=\/wp\/v2\/users\/2"}],"replies":[{"embeddable":true,"href":"https:\/\/bernhard-fiedler.at\/weblog\/index.php?rest_route=%2Fwp%2Fv2%2Fcomments&post=1318"}],"version-history":[{"count":3,"href":"https:\/\/bernhard-fiedler.at\/weblog\/index.php?rest_route=\/wp\/v2\/posts\/1318\/revisions"}],"predecessor-version":[{"id":1323,"href":"https:\/\/bernhard-fiedler.at\/weblog\/index.php?rest_route=\/wp\/v2\/posts\/1318\/revisions\/1323"}],"wp:attachment":[{"href":"https:\/\/bernhard-fiedler.at\/weblog\/index.php?rest_route=%2Fwp%2Fv2%2Fmedia&parent=1318"}],"wp:term":[{"taxonomy":"category","embeddable":true,"href":"https:\/\/bernhard-fiedler.at\/weblog\/index.php?rest_route=%2Fwp%2Fv2%2Fcategories&post=1318"},{"taxonomy":"post_tag","embeddable":true,"href":"https:\/\/bernhard-fiedler.at\/weblog\/index.php?rest_route=%2Fwp%2Fv2%2Ftags&post=1318"}],"curies":[{"name":"wp","href":"https:\/\/api.w.org\/{rel}","templated":true}]}}