{"id":1284,"date":"2009-04-22T21:31:06","date_gmt":"2009-04-22T20:31:06","guid":{"rendered":"http:\/\/www.bernhard-fiedler.at\/weblog\/?p=1284"},"modified":"2009-04-22T21:33:59","modified_gmt":"2009-04-22T20:33:59","slug":"in-den-startlochern-2","status":"publish","type":"post","link":"https:\/\/bernhard-fiedler.at\/weblog\/?p=1284","title":{"rendered":"In den Startl\u00f6chern"},"content":{"rendered":"<p style=\"text-align: center;\"><img decoding=\"async\" class=\"aligncenter size-full wp-image-1283\" style=\"border: 0px;\" title=\"Jungreben vor der Pflanzung\" src=\"https:\/\/bernhard-fiedler.at\/weblog\/wp-content\/uploads\/2009\/04\/reben3-komprimiert.jpg\" alt=\"Jungreben vor der Pflanzung\" \/><\/p>\n<p>Morgen ist es soweit! Wenn uns die prognostizierten vereinzelten Regenschauer keinen Strich durch die Rechnung machen, erfolgt die Pflanzung unserer Junganlage am M\u00f6rbischer Goldberg.<\/p>\n<p>Bereits gestern hat die Rebschule unseres Vertrauens die Reben geliefert, <a href=\"https:\/\/bernhard-fiedler.at\/weblog\/?p=715\">die sie genau nach unseren W\u00fcnschen veredelt hat<\/a>. Bis dahin waren die Pflanzen dank K\u00fchlhaus im Winterschlaf und tragen daher noch alle im vergangenen Jahr eingelagerten Reservestoffe in sich.<\/p>\n<p>Jetzt stehen sie mit den Wurzeln im Wasser, damit sie noch einmal Feuchtigkeit tanken k\u00f6nnen. Wegen des f\u00fcr die Pflanzung notwendigen R\u00fcckschnittes der Wurzeln auf rund 15 Zentimeter wird es n\u00e4mlich ein paar Wochen dauern, bis sie Wasser aus dem Boden aufnehmen k\u00f6nnen.<\/p>\n<p>Damit bis dahin so wenig wie m\u00f6glich verloren geht, ist der oberirdische Teil der Pflanzreben in gr\u00fcnes Wachs getaucht worden. Die Wachsschicht unterbindet einerseits die Verdunstung nach au\u00dfen, kann aber andererseits von innen von den austreibenden Knospen leicht aufgebrochen werden, wenn es soweit ist.<\/p>\n","protected":false},"excerpt":{"rendered":"<p>Morgen ist es soweit! Wenn uns die prognostizierten vereinzelten Regenschauer keinen Strich durch die Rechnung machen, erfolgt die Pflanzung unserer Junganlage am M\u00f6rbischer Goldberg. Bereits gestern hat die Rebschule unseres Vertrauens die Reben geliefert, die sie genau nach unseren W\u00fcnschen veredelt hat. Bis dahin waren die Pflanzen dank K\u00fchlhaus im Winterschlaf und tragen daher noch &#8230; <a title=\"In den Startl\u00f6chern\" class=\"read-more\" href=\"https:\/\/bernhard-fiedler.at\/weblog\/?p=1284\" aria-label=\"Mehr Informationen \u00fcber In den Startl\u00f6chern\">Weiterlesen<\/a><\/p>\n","protected":false},"author":2,"featured_media":0,"comment_status":"open","ping_status":"open","sticky":false,"template":"","format":"standard","meta":{"footnotes":""},"categories":[22],"tags":[],"class_list":["post-1284","post","type-post","status-publish","format-standard","hentry","category-ein-weingarten-entsteht"],"_links":{"self":[{"href":"https:\/\/bernhard-fiedler.at\/weblog\/index.php?rest_route=\/wp\/v2\/posts\/1284","targetHints":{"allow":["GET"]}}],"collection":[{"href":"https:\/\/bernhard-fiedler.at\/weblog\/index.php?rest_route=\/wp\/v2\/posts"}],"about":[{"href":"https:\/\/bernhard-fiedler.at\/weblog\/index.php?rest_route=\/wp\/v2\/types\/post"}],"author":[{"embeddable":true,"href":"https:\/\/bernhard-fiedler.at\/weblog\/index.php?rest_route=\/wp\/v2\/users\/2"}],"replies":[{"embeddable":true,"href":"https:\/\/bernhard-fiedler.at\/weblog\/index.php?rest_route=%2Fwp%2Fv2%2Fcomments&post=1284"}],"version-history":[{"count":4,"href":"https:\/\/bernhard-fiedler.at\/weblog\/index.php?rest_route=\/wp\/v2\/posts\/1284\/revisions"}],"predecessor-version":[{"id":1288,"href":"https:\/\/bernhard-fiedler.at\/weblog\/index.php?rest_route=\/wp\/v2\/posts\/1284\/revisions\/1288"}],"wp:attachment":[{"href":"https:\/\/bernhard-fiedler.at\/weblog\/index.php?rest_route=%2Fwp%2Fv2%2Fmedia&parent=1284"}],"wp:term":[{"taxonomy":"category","embeddable":true,"href":"https:\/\/bernhard-fiedler.at\/weblog\/index.php?rest_route=%2Fwp%2Fv2%2Fcategories&post=1284"},{"taxonomy":"post_tag","embeddable":true,"href":"https:\/\/bernhard-fiedler.at\/weblog\/index.php?rest_route=%2Fwp%2Fv2%2Ftags&post=1284"}],"curies":[{"name":"wp","href":"https:\/\/api.w.org\/{rel}","templated":true}]}}