{"id":1212,"date":"2009-04-06T23:20:34","date_gmt":"2009-04-06T22:20:34","guid":{"rendered":"http:\/\/www.bernhard-fiedler.at\/weblog\/?p=1212"},"modified":"2009-04-06T23:20:34","modified_gmt":"2009-04-06T22:20:34","slug":"der-feinschliff","status":"publish","type":"post","link":"https:\/\/bernhard-fiedler.at\/weblog\/?p=1212","title":{"rendered":"Der Feinschliff"},"content":{"rendered":"<p style=\"text-align: center;\"><img loading=\"lazy\" decoding=\"async\" class=\"aligncenter\" style=\"border: 0px;\" src=\"https:\/\/bernhard-fiedler.at\/weblog\/wp-content\/uploads\/2009\/04\/saatbeetkombi2-komprimiert.jpg\" alt=\"Die letzte Bodenvorbereitung vor der Pflanzung\" width=\"508\" height=\"382\" \/><\/p>\n<p>Das trocken-warme Fr\u00fchlingswetter der letzten Tage hat den Boden unserer Parzelle am Goldberg gut abtrocknen lassen. Das gab uns die M\u00f6glichkeit, eine letzte feine Bodenbearbeitung vor der Pflanzung durchf\u00fchren zu lassen.<\/p>\n<p>Der ebene und feinkr\u00fcmelige Oberboden wird uns nicht nur das Ausmessen des Grundst\u00fcckes erleichtern, sondern auch eine exakte Pflanzung\u00a0und den\u00a0jungen Reben eine gute Wurzelbildung erm\u00f6glichen.<\/p>\n","protected":false},"excerpt":{"rendered":"<p>Das trocken-warme Fr\u00fchlingswetter der letzten Tage hat den Boden unserer Parzelle am Goldberg gut abtrocknen lassen. Das gab uns die M\u00f6glichkeit, eine letzte feine Bodenbearbeitung vor der Pflanzung durchf\u00fchren zu lassen. Der ebene und feinkr\u00fcmelige Oberboden wird uns nicht nur das Ausmessen des Grundst\u00fcckes erleichtern, sondern auch eine exakte Pflanzung\u00a0und den\u00a0jungen Reben eine gute Wurzelbildung &#8230; <a title=\"Der Feinschliff\" class=\"read-more\" href=\"https:\/\/bernhard-fiedler.at\/weblog\/?p=1212\" aria-label=\"Mehr Informationen \u00fcber Der Feinschliff\">Weiterlesen<\/a><\/p>\n","protected":false},"author":2,"featured_media":0,"comment_status":"open","ping_status":"open","sticky":false,"template":"","format":"standard","meta":{"footnotes":""},"categories":[22],"tags":[],"class_list":["post-1212","post","type-post","status-publish","format-standard","hentry","category-ein-weingarten-entsteht"],"_links":{"self":[{"href":"https:\/\/bernhard-fiedler.at\/weblog\/index.php?rest_route=\/wp\/v2\/posts\/1212","targetHints":{"allow":["GET"]}}],"collection":[{"href":"https:\/\/bernhard-fiedler.at\/weblog\/index.php?rest_route=\/wp\/v2\/posts"}],"about":[{"href":"https:\/\/bernhard-fiedler.at\/weblog\/index.php?rest_route=\/wp\/v2\/types\/post"}],"author":[{"embeddable":true,"href":"https:\/\/bernhard-fiedler.at\/weblog\/index.php?rest_route=\/wp\/v2\/users\/2"}],"replies":[{"embeddable":true,"href":"https:\/\/bernhard-fiedler.at\/weblog\/index.php?rest_route=%2Fwp%2Fv2%2Fcomments&post=1212"}],"version-history":[{"count":7,"href":"https:\/\/bernhard-fiedler.at\/weblog\/index.php?rest_route=\/wp\/v2\/posts\/1212\/revisions"}],"predecessor-version":[{"id":1223,"href":"https:\/\/bernhard-fiedler.at\/weblog\/index.php?rest_route=\/wp\/v2\/posts\/1212\/revisions\/1223"}],"wp:attachment":[{"href":"https:\/\/bernhard-fiedler.at\/weblog\/index.php?rest_route=%2Fwp%2Fv2%2Fmedia&parent=1212"}],"wp:term":[{"taxonomy":"category","embeddable":true,"href":"https:\/\/bernhard-fiedler.at\/weblog\/index.php?rest_route=%2Fwp%2Fv2%2Fcategories&post=1212"},{"taxonomy":"post_tag","embeddable":true,"href":"https:\/\/bernhard-fiedler.at\/weblog\/index.php?rest_route=%2Fwp%2Fv2%2Ftags&post=1212"}],"curies":[{"name":"wp","href":"https:\/\/api.w.org\/{rel}","templated":true}]}}