{"id":1172,"date":"2009-03-22T22:04:06","date_gmt":"2009-03-22T21:04:06","guid":{"rendered":"http:\/\/www.bernhard-fiedler.at\/weblog\/?p=1172"},"modified":"2009-03-22T22:05:56","modified_gmt":"2009-03-22T21:05:56","slug":"2009-last-sich-zeit","status":"publish","type":"post","link":"https:\/\/bernhard-fiedler.at\/weblog\/?p=1172","title":{"rendered":"2009 l\u00e4\u00dft sich Zeit"},"content":{"rendered":"<p style=\"text-align: center;\"><img decoding=\"async\" class=\"aligncenter\" style=\"border: 0px;\" src=\"https:\/\/bernhard-fiedler.at\/weblog\/wp-content\/uploads\/2007\/02\/bild007.jpg\" alt=\"Mandelbl\u00fcte am 12. Februar 2007\" \/><\/p>\n<p>\u00a0<\/p>\n<p>Angesichts der winterlichen Temperaturen beginnen die Mandelbl\u00fcten heuer nur zaghaft, sich zu \u00f6ffnen. Im Vergleich zu <a href=\"https:\/\/bernhard-fiedler.at\/weblog\/?p=169\">2007<\/a>\u00a0ist das eine Versp\u00e4tung von mehr als f\u00fcnf Wochen und auch gegen\u00fcber <a href=\"https:\/\/bernhard-fiedler.at\/weblog\/?p=467\">2008<\/a> sind wir fast einen Monat sp\u00e4ter dran.<\/p>\n<p>\u00dcber den heurigen Jahrgang sagt das allerdings noch \u00fcberhaupt nichts aus. Es ist uns durchaus recht, wenn die Vegetation sp\u00e4t, aber daf\u00fcr umso rasanter beginnt. Das bedeutet zwar mehr Stre\u00df bei der Arbeit im Weingarten, aber ein deutlich geringeres Risiko f\u00fcr Sp\u00e4tfrost (und Kr\u00e4uselmilben, die an den jungen Trieben saugen).<\/p>\n<p>Die Reben haben den Winter gut \u00fcberstanden, die Wasserspeicher im Unterboden sind bestens gef\u00fcllt, und der Rebschnitt ist so gut wie abgeschlossen. Jetzt warten wir geduldig auf den Startschu\u00df der Natur.<\/p>\n","protected":false},"excerpt":{"rendered":"<p>\u00a0 Angesichts der winterlichen Temperaturen beginnen die Mandelbl\u00fcten heuer nur zaghaft, sich zu \u00f6ffnen. Im Vergleich zu 2007\u00a0ist das eine Versp\u00e4tung von mehr als f\u00fcnf Wochen und auch gegen\u00fcber 2008 sind wir fast einen Monat sp\u00e4ter dran. \u00dcber den heurigen Jahrgang sagt das allerdings noch \u00fcberhaupt nichts aus. Es ist uns durchaus recht, wenn die &#8230; <a title=\"2009 l\u00e4\u00dft sich Zeit\" class=\"read-more\" href=\"https:\/\/bernhard-fiedler.at\/weblog\/?p=1172\" aria-label=\"Mehr Informationen \u00fcber 2009 l\u00e4\u00dft sich Zeit\">Weiterlesen<\/a><\/p>\n","protected":false},"author":2,"featured_media":0,"comment_status":"open","ping_status":"open","sticky":false,"template":"","format":"standard","meta":{"footnotes":""},"categories":[8],"tags":[],"class_list":["post-1172","post","type-post","status-publish","format-standard","hentry","category-das-wetter"],"_links":{"self":[{"href":"https:\/\/bernhard-fiedler.at\/weblog\/index.php?rest_route=\/wp\/v2\/posts\/1172","targetHints":{"allow":["GET"]}}],"collection":[{"href":"https:\/\/bernhard-fiedler.at\/weblog\/index.php?rest_route=\/wp\/v2\/posts"}],"about":[{"href":"https:\/\/bernhard-fiedler.at\/weblog\/index.php?rest_route=\/wp\/v2\/types\/post"}],"author":[{"embeddable":true,"href":"https:\/\/bernhard-fiedler.at\/weblog\/index.php?rest_route=\/wp\/v2\/users\/2"}],"replies":[{"embeddable":true,"href":"https:\/\/bernhard-fiedler.at\/weblog\/index.php?rest_route=%2Fwp%2Fv2%2Fcomments&post=1172"}],"version-history":[{"count":6,"href":"https:\/\/bernhard-fiedler.at\/weblog\/index.php?rest_route=\/wp\/v2\/posts\/1172\/revisions"}],"predecessor-version":[{"id":1178,"href":"https:\/\/bernhard-fiedler.at\/weblog\/index.php?rest_route=\/wp\/v2\/posts\/1172\/revisions\/1178"}],"wp:attachment":[{"href":"https:\/\/bernhard-fiedler.at\/weblog\/index.php?rest_route=%2Fwp%2Fv2%2Fmedia&parent=1172"}],"wp:term":[{"taxonomy":"category","embeddable":true,"href":"https:\/\/bernhard-fiedler.at\/weblog\/index.php?rest_route=%2Fwp%2Fv2%2Fcategories&post=1172"},{"taxonomy":"post_tag","embeddable":true,"href":"https:\/\/bernhard-fiedler.at\/weblog\/index.php?rest_route=%2Fwp%2Fv2%2Ftags&post=1172"}],"curies":[{"name":"wp","href":"https:\/\/api.w.org\/{rel}","templated":true}]}}