{"id":1059,"date":"2009-02-06T22:23:54","date_gmt":"2009-02-06T21:23:54","guid":{"rendered":"http:\/\/www.bernhard-fiedler.at\/weblog\/?p=1059"},"modified":"2009-02-06T22:23:54","modified_gmt":"2009-02-06T21:23:54","slug":"eine-woche-pause","status":"publish","type":"post","link":"https:\/\/bernhard-fiedler.at\/weblog\/?p=1059","title":{"rendered":"Eine Woche Pause"},"content":{"rendered":"<p>Wie jedes Jahr zieht es uns Flachl\u00e4nder auch heuer wieder f\u00fcr eine Woche zum Schifahren in die Berge. Daraus ergibt sich nicht nur ein wohltuender Abstand von Weingarten, Keller und B\u00fcro, sondern auch eine Blogpause.<\/p>\n<p>Die ist sicherlich kein Fehler, gehen mir die Beitr\u00e4ge seit einigen Wochen doch eher schwer von der Hand. Vielleicht k\u00f6nnen ein paar internetfreie Tage ja etwas daran \u00e4ndern, und die Texte fliegen mir ab Mitte Februar nur so zu, wer wei\u00df.<\/p>\n<p>Zur \u00dcberbr\u00fcckung empfehle ich allen Blog-Lesern die 20. Etappe der Wein(blog)rallye, f\u00fcr die <a href=\"http:\/\/hausmannskost.wordpress.com\">Hausmannskost<\/a> ein <del datetime=\"2009-02-06T20:56:20+00:00\">schwieriges<\/del> unkonventionelles <a href=\"http:\/\/hausmannskost.wordpress.com\/2009\/01\/21\/20-weinrallye-wein-zum-fisch-aber-nicht-weis-und-trocken\/\">Thema<\/a> ausgegeben hat: &#8222;Wein zum Fisch, aber nicht wei\u00df und trocken&#8220;.<\/p>\n<p>Die hoffentlich zahlreichen Beitr\u00e4ge am Donnerstag, den 12. Februar lassen sich am besten \u00fcber <a href=\"http:\/\/www.genussblogs.net\">genussblogs.net<\/a> oder m\u00f6glicherweise auch \u00fcber Updates von <a href=\"http:\/\/hausmannskost.wordpress.com\">Hausmannskost<\/a> verfolgen.<\/p>\n<p><img loading=\"lazy\" decoding=\"async\" src=\"https:\/\/bernhard-fiedler.at\/weblog\/wp-content\/uploads\/2007\/07\/weinrallye-logo-gros-mit-text.jpg\" alt=\"Weinrallye\" title=\"Weinrallye\" width=\"300\" height=\"150\" class=\"aligncenter size-full wp-image-286\" \/><\/p>\n<p>P.S.: Damit ich mich nach meiner R\u00fcckkehr nicht mit Massen von Spam-Kommentaren herumschlagen mu\u00df, ist die Kommentarfunktion w\u00e4hrend meines Urlaubs deaktiviert. Ich bitte um Verst\u00e4ndnis.<\/p>\n","protected":false},"excerpt":{"rendered":"<p>Wie jedes Jahr zieht es uns Flachl\u00e4nder auch heuer wieder f\u00fcr eine Woche zum Schifahren in die Berge. Daraus ergibt sich nicht nur ein wohltuender Abstand von Weingarten, Keller und B\u00fcro, sondern auch eine Blogpause. Die ist sicherlich kein Fehler, gehen mir die Beitr\u00e4ge seit einigen Wochen doch eher schwer von der Hand. Vielleicht k\u00f6nnen &#8230; <a title=\"Eine Woche Pause\" class=\"read-more\" href=\"https:\/\/bernhard-fiedler.at\/weblog\/?p=1059\" aria-label=\"Mehr Informationen \u00fcber Eine Woche Pause\">Weiterlesen<\/a><\/p>\n","protected":false},"author":2,"featured_media":0,"comment_status":"open","ping_status":"open","sticky":false,"template":"","format":"standard","meta":{"footnotes":""},"categories":[1],"tags":[],"class_list":["post-1059","post","type-post","status-publish","format-standard","hentry","category-allgemein"],"_links":{"self":[{"href":"https:\/\/bernhard-fiedler.at\/weblog\/index.php?rest_route=\/wp\/v2\/posts\/1059","targetHints":{"allow":["GET"]}}],"collection":[{"href":"https:\/\/bernhard-fiedler.at\/weblog\/index.php?rest_route=\/wp\/v2\/posts"}],"about":[{"href":"https:\/\/bernhard-fiedler.at\/weblog\/index.php?rest_route=\/wp\/v2\/types\/post"}],"author":[{"embeddable":true,"href":"https:\/\/bernhard-fiedler.at\/weblog\/index.php?rest_route=\/wp\/v2\/users\/2"}],"replies":[{"embeddable":true,"href":"https:\/\/bernhard-fiedler.at\/weblog\/index.php?rest_route=%2Fwp%2Fv2%2Fcomments&post=1059"}],"version-history":[{"count":6,"href":"https:\/\/bernhard-fiedler.at\/weblog\/index.php?rest_route=\/wp\/v2\/posts\/1059\/revisions"}],"predecessor-version":[{"id":1065,"href":"https:\/\/bernhard-fiedler.at\/weblog\/index.php?rest_route=\/wp\/v2\/posts\/1059\/revisions\/1065"}],"wp:attachment":[{"href":"https:\/\/bernhard-fiedler.at\/weblog\/index.php?rest_route=%2Fwp%2Fv2%2Fmedia&parent=1059"}],"wp:term":[{"taxonomy":"category","embeddable":true,"href":"https:\/\/bernhard-fiedler.at\/weblog\/index.php?rest_route=%2Fwp%2Fv2%2Fcategories&post=1059"},{"taxonomy":"post_tag","embeddable":true,"href":"https:\/\/bernhard-fiedler.at\/weblog\/index.php?rest_route=%2Fwp%2Fv2%2Ftags&post=1059"}],"curies":[{"name":"wp","href":"https:\/\/api.w.org\/{rel}","templated":true}]}}